{"id":1581,"date":"2018-07-23T14:22:54","date_gmt":"2018-07-23T12:22:54","guid":{"rendered":"http:\/\/agora.xtec.cat\/ceip-joan-coret\/?p=1581"},"modified":"2018-07-23T14:22:54","modified_gmt":"2018-07-23T12:22:54","slug":"els-projectes-de-primer","status":"publish","type":"post","link":"https:\/\/agora.xtec.cat\/ceip-joan-coret\/general\/els-projectes-de-primer\/","title":{"rendered":"ELS PROJECTES DE PRIMER"},"content":{"rendered":"<p>El curs ja s&#8217;ha acabat i els nens i nenes de primer hem treballat molt. Hem fet dos projectes a cada classe. El primer el que va donar nom a les nostres classes: UNICORNS I GLOBUS. El segon ha estat: La Lluna (Els Unicorns) i El dof\u00ed (Els Globus). Veieu una mostra de com hem treballat.<\/p>\n<p><iframe loading=\"lazy\" src=\"\/\/www.youtube.com\/embed\/YEP5GXpTVZ4\" width=\"560\" height=\"314\"><\/iframe><\/p>\n<p>I si voleu, tamb\u00e9 podeu veure i escoltar la nostra can\u00e7\u00f3 de projecte.<\/p>\n<p><iframe loading=\"lazy\" title=\"L&#039;UNICORN BLAU\" width=\"500\" height=\"281\" src=\"https:\/\/www.youtube.com\/embed\/of_v5CjuIhM?feature=oembed\" frameborder=\"0\" allow=\"accelerometer; autoplay; clipboard-write; encrypted-media; gyroscope; picture-in-picture; web-share\" referrerpolicy=\"strict-origin-when-cross-origin\" allowfullscreen><\/iframe><\/p>\n<p>&nbsp;<\/p>\n<p><iframe loading=\"lazy\" src=\"\/\/www.youtube.com\/embed\/b2zeDz6LQgo\" width=\"560\" height=\"314\"><\/iframe><\/p>\n","protected":false},"excerpt":{"rendered":"<p>El curs ja s&#8217;ha acabat i els nens i nenes de primer hem treballat molt. Hem fet dos projectes a cada classe. El primer el que va donar nom a les nostres classes: UNICORNS I GLOBUS. El segon ha estat: La Lluna (Els Unicorns) i&hellip;  <a href=\"https:\/\/agora.xtec.cat\/ceip-joan-coret\/general\/els-projectes-de-primer\/\" title=\"Read ELS PROJECTES DE PRIMER\">Llegeix m\u00e9s\u00bb<\/a><\/p>\n","protected":false},"author":69,"featured_media":1636,"comment_status":"open","ping_status":"closed","sticky":false,"template":"","format":"standard","meta":{"_bbp_topic_count":0,"_bbp_reply_count":0,"_bbp_total_topic_count":0,"_bbp_total_reply_count":0,"_bbp_voice_count":0,"_bbp_anonymous_reply_count":0,"_bbp_topic_count_hidden":0,"_bbp_reply_count_hidden":0,"_bbp_forum_subforum_count":0,"footnotes":""},"categories":[10,1,4],"tags":[150,135,147,148,130,149],"class_list":["post-1581","post","type-post","status-publish","format-standard","has-post-thumbnail","hentry","category-1r","category-general","category-portada","tag-dofins","tag-globus","tag-lluna","tag-primer","tag-projectes","tag-unicorns"],"post_mailing_queue_ids":[],"_links":{"self":[{"href":"https:\/\/agora.xtec.cat\/ceip-joan-coret\/wp-json\/wp\/v2\/posts\/1581","targetHints":{"allow":["GET"]}}],"collection":[{"href":"https:\/\/agora.xtec.cat\/ceip-joan-coret\/wp-json\/wp\/v2\/posts"}],"about":[{"href":"https:\/\/agora.xtec.cat\/ceip-joan-coret\/wp-json\/wp\/v2\/types\/post"}],"author":[{"embeddable":true,"href":"https:\/\/agora.xtec.cat\/ceip-joan-coret\/wp-json\/wp\/v2\/users\/69"}],"replies":[{"embeddable":true,"href":"https:\/\/agora.xtec.cat\/ceip-joan-coret\/wp-json\/wp\/v2\/comments?post=1581"}],"version-history":[{"count":3,"href":"https:\/\/agora.xtec.cat\/ceip-joan-coret\/wp-json\/wp\/v2\/posts\/1581\/revisions"}],"predecessor-version":[{"id":1635,"href":"https:\/\/agora.xtec.cat\/ceip-joan-coret\/wp-json\/wp\/v2\/posts\/1581\/revisions\/1635"}],"wp:featuredmedia":[{"embeddable":true,"href":"https:\/\/agora.xtec.cat\/ceip-joan-coret\/wp-json\/wp\/v2\/media\/1636"}],"wp:attachment":[{"href":"https:\/\/agora.xtec.cat\/ceip-joan-coret\/wp-json\/wp\/v2\/media?parent=1581"}],"wp:term":[{"taxonomy":"category","embeddable":true,"href":"https:\/\/agora.xtec.cat\/ceip-joan-coret\/wp-json\/wp\/v2\/categories?post=1581"},{"taxonomy":"post_tag","embeddable":true,"href":"https:\/\/agora.xtec.cat\/ceip-joan-coret\/wp-json\/wp\/v2\/tags?post=1581"}],"curies":[{"name":"wp","href":"https:\/\/api.w.org\/{rel}","templated":true}]}}