{"id":1564,"date":"2018-06-26T14:13:01","date_gmt":"2018-06-26T12:13:01","guid":{"rendered":"http:\/\/agora.xtec.cat\/ceip-joan-coret\/?p=1564"},"modified":"2018-06-26T14:13:01","modified_gmt":"2018-06-26T12:13:01","slug":"festa-de-fi-de-curs-2018","status":"publish","type":"post","link":"https:\/\/agora.xtec.cat\/ceip-joan-coret\/portada\/festa-de-fi-de-curs-2018\/","title":{"rendered":"Festa de Fi de curs 2018"},"content":{"rendered":"<p>Fotos de l&#8217;\u00faltim dia d&#8217;escola del curs 2017-2018. Tamb\u00e9 us posem uns videos perqu\u00e8 poguem veure com ballen les nenes i els nens de 6\u00e8. Esperem que us agradin!<\/p>\n<p><a href=\"https:\/\/photos.app.goo.gl\/zxD4mHBaLGbMqZj16\" target=\"_blank\" rel=\"noopener noreferrer\">https:\/\/photos.app.goo.gl\/zxD4mHBaLGbMqZj16<\/a><\/p>\n<p><iframe loading=\"lazy\" src=\"\/\/www.youtube.com\/embed\/YgfQCfamp5M\" width=\"250\" height=\"140\" allowfullscreen=\"allowfullscreen\"><\/iframe><iframe loading=\"lazy\" src=\"\/\/www.youtube.com\/embed\/Q4ztDdxMtx4\" width=\"250\" height=\"140\" allowfullscreen=\"allowfullscreen\"><\/iframe><\/p>\n","protected":false},"excerpt":{"rendered":"<p>Fotos de l&#8217;\u00faltim dia d&#8217;escola del curs 2017-2018. Tamb\u00e9 us posem uns videos perqu\u00e8 poguem veure com ballen les nenes i els nens de 6\u00e8. Esperem que us agradin!<br \/>\n<a href=\"https:\/\/photos.app.goo.gl\/zxD4mHBaLGbMqZj16\" target=\"_blank\" rel=\"noopener noreferrer\">https:\/\/photos.app.goo.gl\/zxD4mHBaLGbMqZj16<\/a><\/p>\n","protected":false},"author":3,"featured_media":1565,"comment_status":"open","ping_status":"closed","sticky":false,"template":"","format":"standard","meta":{"_bbp_topic_count":0,"_bbp_reply_count":0,"_bbp_total_topic_count":0,"_bbp_total_reply_count":0,"_bbp_voice_count":0,"_bbp_anonymous_reply_count":0,"_bbp_topic_count_hidden":0,"_bbp_reply_count_hidden":0,"_bbp_forum_subforum_count":0,"footnotes":""},"categories":[10,11,12,13,14,15,4],"tags":[144,143],"class_list":["post-1564","post","type-post","status-publish","format-standard","has-post-thumbnail","hentry","category-1r","category-2n","category-3r","category-4t","category-5e","category-6e","category-portada","tag-balls","tag-fi-de-curs"],"post_mailing_queue_ids":[],"_links":{"self":[{"href":"https:\/\/agora.xtec.cat\/ceip-joan-coret\/wp-json\/wp\/v2\/posts\/1564","targetHints":{"allow":["GET"]}}],"collection":[{"href":"https:\/\/agora.xtec.cat\/ceip-joan-coret\/wp-json\/wp\/v2\/posts"}],"about":[{"href":"https:\/\/agora.xtec.cat\/ceip-joan-coret\/wp-json\/wp\/v2\/types\/post"}],"author":[{"embeddable":true,"href":"https:\/\/agora.xtec.cat\/ceip-joan-coret\/wp-json\/wp\/v2\/users\/3"}],"replies":[{"embeddable":true,"href":"https:\/\/agora.xtec.cat\/ceip-joan-coret\/wp-json\/wp\/v2\/comments?post=1564"}],"version-history":[{"count":1,"href":"https:\/\/agora.xtec.cat\/ceip-joan-coret\/wp-json\/wp\/v2\/posts\/1564\/revisions"}],"predecessor-version":[{"id":1566,"href":"https:\/\/agora.xtec.cat\/ceip-joan-coret\/wp-json\/wp\/v2\/posts\/1564\/revisions\/1566"}],"wp:featuredmedia":[{"embeddable":true,"href":"https:\/\/agora.xtec.cat\/ceip-joan-coret\/wp-json\/wp\/v2\/media\/1565"}],"wp:attachment":[{"href":"https:\/\/agora.xtec.cat\/ceip-joan-coret\/wp-json\/wp\/v2\/media?parent=1564"}],"wp:term":[{"taxonomy":"category","embeddable":true,"href":"https:\/\/agora.xtec.cat\/ceip-joan-coret\/wp-json\/wp\/v2\/categories?post=1564"},{"taxonomy":"post_tag","embeddable":true,"href":"https:\/\/agora.xtec.cat\/ceip-joan-coret\/wp-json\/wp\/v2\/tags?post=1564"}],"curies":[{"name":"wp","href":"https:\/\/api.w.org\/{rel}","templated":true}]}}