{"id":1552,"date":"2018-06-26T13:53:10","date_gmt":"2018-06-26T11:53:10","guid":{"rendered":"http:\/\/agora.xtec.cat\/ceip-joan-coret\/?p=1552"},"modified":"2018-06-27T12:26:08","modified_gmt":"2018-06-27T10:26:08","slug":"ets-tu-el-mes-fort","status":"publish","type":"post","link":"https:\/\/agora.xtec.cat\/ceip-joan-coret\/general\/ets-tu-el-mes-fort\/","title":{"rendered":"Ets tu el m\u00e9s fort?"},"content":{"rendered":"<p>Aqu\u00ed tenim la representaci\u00f3 dels nens i les nenes de 1r fent :<\/p>\n<p>&#8220;Ets tu el m\u00e9s fort?&#8221;<\/p>\n<p><iframe loading=\"lazy\" src=\"\/\/www.youtube.com\/embed\/LRODXrXhR9c\" width=\"300\" height=\"168\" allowfullscreen=\"allowfullscreen\"><\/iframe><\/p>\n","protected":false},"excerpt":{"rendered":"<p>Aqu\u00ed tenim la representaci\u00f3 dels nens i les nenes de 1r fent :<br \/>\n&#8220;Ets tu el m\u00e9s fort?&#8221;<\/p>\n","protected":false},"author":3,"featured_media":1553,"comment_status":"open","ping_status":"closed","sticky":false,"template":"","format":"standard","meta":{"_bbp_topic_count":0,"_bbp_reply_count":0,"_bbp_total_topic_count":0,"_bbp_total_reply_count":0,"_bbp_voice_count":0,"_bbp_anonymous_reply_count":0,"_bbp_topic_count_hidden":0,"_bbp_reply_count_hidden":0,"_bbp_forum_subforum_count":0,"footnotes":""},"categories":[10,1,4],"tags":[93,112],"class_list":["post-1552","post","type-post","status-publish","format-standard","has-post-thumbnail","hentry","category-1r","category-general","category-portada","tag-1r","tag-teatre"],"post_mailing_queue_ids":[],"_links":{"self":[{"href":"https:\/\/agora.xtec.cat\/ceip-joan-coret\/wp-json\/wp\/v2\/posts\/1552","targetHints":{"allow":["GET"]}}],"collection":[{"href":"https:\/\/agora.xtec.cat\/ceip-joan-coret\/wp-json\/wp\/v2\/posts"}],"about":[{"href":"https:\/\/agora.xtec.cat\/ceip-joan-coret\/wp-json\/wp\/v2\/types\/post"}],"author":[{"embeddable":true,"href":"https:\/\/agora.xtec.cat\/ceip-joan-coret\/wp-json\/wp\/v2\/users\/3"}],"replies":[{"embeddable":true,"href":"https:\/\/agora.xtec.cat\/ceip-joan-coret\/wp-json\/wp\/v2\/comments?post=1552"}],"version-history":[{"count":1,"href":"https:\/\/agora.xtec.cat\/ceip-joan-coret\/wp-json\/wp\/v2\/posts\/1552\/revisions"}],"predecessor-version":[{"id":1554,"href":"https:\/\/agora.xtec.cat\/ceip-joan-coret\/wp-json\/wp\/v2\/posts\/1552\/revisions\/1554"}],"wp:featuredmedia":[{"embeddable":true,"href":"https:\/\/agora.xtec.cat\/ceip-joan-coret\/wp-json\/wp\/v2\/media\/1553"}],"wp:attachment":[{"href":"https:\/\/agora.xtec.cat\/ceip-joan-coret\/wp-json\/wp\/v2\/media?parent=1552"}],"wp:term":[{"taxonomy":"category","embeddable":true,"href":"https:\/\/agora.xtec.cat\/ceip-joan-coret\/wp-json\/wp\/v2\/categories?post=1552"},{"taxonomy":"post_tag","embeddable":true,"href":"https:\/\/agora.xtec.cat\/ceip-joan-coret\/wp-json\/wp\/v2\/tags?post=1552"}],"curies":[{"name":"wp","href":"https:\/\/api.w.org\/{rel}","templated":true}]}}