{"id":1506,"date":"2018-06-25T11:37:23","date_gmt":"2018-06-25T09:37:23","guid":{"rendered":"http:\/\/agora.xtec.cat\/ceip-joan-coret\/?p=1506"},"modified":"2018-06-25T11:38:01","modified_gmt":"2018-06-25T09:38:01","slug":"oral-presentations-5e-2","status":"publish","type":"post","link":"https:\/\/agora.xtec.cat\/ceip-joan-coret\/portada\/oral-presentations-5e-2\/","title":{"rendered":"Oral Presentations 5\u00e8"},"content":{"rendered":"<p>Aqu\u00ed tenim una nova s\u00e8rie d&#8217;Oral Presentations de 5\u00e8. Esperem que us agradin:<\/p>\n<table style=\"width: 495px;\">\n<tbody>\n<tr>\n<td style=\"width: 174px;\">Nayara 5\u00e8 A:<\/p>\n<p><iframe loading=\"lazy\" src=\"\/\/www.youtube.com\/embed\/JGhjuZwQXK4\" width=\"150\" height=\"84\" allowfullscreen=\"allowfullscreen\"><\/iframe><\/td>\n<td style=\"width: 174px;\">Abril 5\u00e8 A:<\/p>\n<p><iframe loading=\"lazy\" src=\"\/\/www.youtube.com\/embed\/K_o_FRKEBjM\" width=\"150\" height=\"84\" allowfullscreen=\"allowfullscreen\"><\/iframe><\/td>\n<td style=\"width: 137px;\">Adri\u00e1n P\u00e9rez 5\u00e8 B:<\/p>\n<p><iframe loading=\"lazy\" src=\"\/\/www.youtube.com\/embed\/TJo0F9IKyJY\" width=\"150\" height=\"84\" allowfullscreen=\"allowfullscreen\"><\/iframe><\/td>\n<\/tr>\n<tr>\n<td style=\"width: 174px;\">Hanna 5\u00e8 A:<\/p>\n<p><iframe loading=\"lazy\" src=\"\/\/www.youtube.com\/embed\/0y-1nUVhWeo\" width=\"150\" height=\"84\" allowfullscreen=\"allowfullscreen\"><\/iframe><\/td>\n<td style=\"width: 174px;\">H\u00e9ctor 5\u00e8 A:<\/p>\n<p><iframe loading=\"lazy\" src=\"\/\/www.youtube.com\/embed\/2ppdHFrK9Gg\" width=\"150\" height=\"84\" allowfullscreen=\"allowfullscreen\"><\/iframe><\/td>\n<td style=\"width: 137px;\">Laia Garc\u00eda 5\u00e8 B:<\/p>\n<p><iframe loading=\"lazy\" src=\"\/\/www.youtube.com\/embed\/rdrEyuhtF3Q\" width=\"150\" height=\"84\" allowfullscreen=\"allowfullscreen\"><\/iframe><\/td>\n<\/tr>\n<tr>\n<td style=\"width: 174px;\">Nadia 5\u00e8 B:<\/p>\n<p><iframe loading=\"lazy\" src=\"\/\/www.youtube.com\/embed\/162CMD6-BEM\" width=\"150\" height=\"84\" allowfullscreen=\"allowfullscreen\"><\/iframe><\/td>\n<td style=\"width: 174px;\"><\/td>\n<td style=\"width: 137px;\"><\/td>\n<\/tr>\n<\/tbody>\n<\/table>\n","protected":false},"excerpt":{"rendered":"<p>Aqu\u00ed tenim una nova s\u00e8rie d&#8217;Oral Presentations de 5\u00e8. Esperem que us agradin:<\/p>\n<p>Nayara 5\u00e8 A:<\/p>\n<p>Abril 5\u00e8 A:<\/p>\n<p>Adri\u00e1n P\u00e9rez 5\u00e8 B:<\/p>\n<p>Hanna 5\u00e8 A:<\/p>\n<p>H\u00e9ctor 5\u00e8 A:<\/p>\n<p>Laia Garc\u00eda 5\u00e8 B:<\/p>\n<p>Nadia 5\u00e8 B:<\/p>\n","protected":false},"author":3,"featured_media":1507,"comment_status":"open","ping_status":"closed","sticky":false,"template":"","format":"standard","meta":{"_bbp_topic_count":0,"_bbp_reply_count":0,"_bbp_total_topic_count":0,"_bbp_total_reply_count":0,"_bbp_voice_count":0,"_bbp_anonymous_reply_count":0,"_bbp_topic_count_hidden":0,"_bbp_reply_count_hidden":0,"_bbp_forum_subforum_count":0,"footnotes":""},"categories":[14,67,4],"tags":[68,132,131],"class_list":["post-1506","post","type-post","status-publish","format-standard","has-post-thumbnail","hentry","category-5e","category-angles","category-portada","tag-5e","tag-angles","tag-oral-presentations"],"post_mailing_queue_ids":[],"_links":{"self":[{"href":"https:\/\/agora.xtec.cat\/ceip-joan-coret\/wp-json\/wp\/v2\/posts\/1506","targetHints":{"allow":["GET"]}}],"collection":[{"href":"https:\/\/agora.xtec.cat\/ceip-joan-coret\/wp-json\/wp\/v2\/posts"}],"about":[{"href":"https:\/\/agora.xtec.cat\/ceip-joan-coret\/wp-json\/wp\/v2\/types\/post"}],"author":[{"embeddable":true,"href":"https:\/\/agora.xtec.cat\/ceip-joan-coret\/wp-json\/wp\/v2\/users\/3"}],"replies":[{"embeddable":true,"href":"https:\/\/agora.xtec.cat\/ceip-joan-coret\/wp-json\/wp\/v2\/comments?post=1506"}],"version-history":[{"count":2,"href":"https:\/\/agora.xtec.cat\/ceip-joan-coret\/wp-json\/wp\/v2\/posts\/1506\/revisions"}],"predecessor-version":[{"id":1509,"href":"https:\/\/agora.xtec.cat\/ceip-joan-coret\/wp-json\/wp\/v2\/posts\/1506\/revisions\/1509"}],"wp:featuredmedia":[{"embeddable":true,"href":"https:\/\/agora.xtec.cat\/ceip-joan-coret\/wp-json\/wp\/v2\/media\/1507"}],"wp:attachment":[{"href":"https:\/\/agora.xtec.cat\/ceip-joan-coret\/wp-json\/wp\/v2\/media?parent=1506"}],"wp:term":[{"taxonomy":"category","embeddable":true,"href":"https:\/\/agora.xtec.cat\/ceip-joan-coret\/wp-json\/wp\/v2\/categories?post=1506"},{"taxonomy":"post_tag","embeddable":true,"href":"https:\/\/agora.xtec.cat\/ceip-joan-coret\/wp-json\/wp\/v2\/tags?post=1506"}],"curies":[{"name":"wp","href":"https:\/\/api.w.org\/{rel}","templated":true}]}}