{"id":1496,"date":"2018-06-25T10:29:32","date_gmt":"2018-06-25T08:29:32","guid":{"rendered":"http:\/\/agora.xtec.cat\/ceip-joan-coret\/?p=1496"},"modified":"2018-06-25T10:34:41","modified_gmt":"2018-06-25T08:34:41","slug":"cursa-orientacio-4t","status":"publish","type":"post","link":"https:\/\/agora.xtec.cat\/ceip-joan-coret\/portada\/cursa-orientacio-4t\/","title":{"rendered":"Cursa Orientaci\u00f3 4t"},"content":{"rendered":"<p>Aqu\u00ed tenim algunes fotos de la cursa d&#8217;Orientaci\u00f3 dels\/ de les nostres alumnes:<\/p>\n<p><a href=\"https:\/\/photos.app.goo.gl\/Fkrekwimufq1ELty9\" target=\"_blank\" rel=\"noopener noreferrer\">https:\/\/photos.app.goo.gl\/Fkrekwimufq1ELty9<\/a><\/p>\n","protected":false},"excerpt":{"rendered":"<p>Aqu\u00ed tenim algunes fotos de la cursa d&#8217;Orientaci\u00f3 dels\/ de les nostres alumnes:<br \/>\n<a href=\"https:\/\/photos.app.goo.gl\/Fkrekwimufq1ELty9\" target=\"_blank\" rel=\"noopener noreferrer\">https:\/\/photos.app.goo.gl\/Fkrekwimufq1ELty9<\/a><\/p>\n","protected":false},"author":3,"featured_media":0,"comment_status":"open","ping_status":"closed","sticky":false,"template":"","format":"standard","meta":{"_bbp_topic_count":0,"_bbp_reply_count":0,"_bbp_total_topic_count":0,"_bbp_total_reply_count":0,"_bbp_voice_count":0,"_bbp_anonymous_reply_count":0,"_bbp_topic_count_hidden":0,"_bbp_reply_count_hidden":0,"_bbp_forum_subforum_count":0,"footnotes":""},"categories":[13,64,4],"tags":[97,66,127],"class_list":["post-1496","post","type-post","status-publish","format-standard","hentry","category-4t","category-educacio-fisica","category-portada","tag-4t","tag-ed-fisica","tag-orientacio"],"post_mailing_queue_ids":[],"_links":{"self":[{"href":"https:\/\/agora.xtec.cat\/ceip-joan-coret\/wp-json\/wp\/v2\/posts\/1496","targetHints":{"allow":["GET"]}}],"collection":[{"href":"https:\/\/agora.xtec.cat\/ceip-joan-coret\/wp-json\/wp\/v2\/posts"}],"about":[{"href":"https:\/\/agora.xtec.cat\/ceip-joan-coret\/wp-json\/wp\/v2\/types\/post"}],"author":[{"embeddable":true,"href":"https:\/\/agora.xtec.cat\/ceip-joan-coret\/wp-json\/wp\/v2\/users\/3"}],"replies":[{"embeddable":true,"href":"https:\/\/agora.xtec.cat\/ceip-joan-coret\/wp-json\/wp\/v2\/comments?post=1496"}],"version-history":[{"count":1,"href":"https:\/\/agora.xtec.cat\/ceip-joan-coret\/wp-json\/wp\/v2\/posts\/1496\/revisions"}],"predecessor-version":[{"id":1497,"href":"https:\/\/agora.xtec.cat\/ceip-joan-coret\/wp-json\/wp\/v2\/posts\/1496\/revisions\/1497"}],"wp:attachment":[{"href":"https:\/\/agora.xtec.cat\/ceip-joan-coret\/wp-json\/wp\/v2\/media?parent=1496"}],"wp:term":[{"taxonomy":"category","embeddable":true,"href":"https:\/\/agora.xtec.cat\/ceip-joan-coret\/wp-json\/wp\/v2\/categories?post=1496"},{"taxonomy":"post_tag","embeddable":true,"href":"https:\/\/agora.xtec.cat\/ceip-joan-coret\/wp-json\/wp\/v2\/tags?post=1496"}],"curies":[{"name":"wp","href":"https:\/\/api.w.org\/{rel}","templated":true}]}}