{"id":1478,"date":"2018-06-25T09:45:48","date_gmt":"2018-06-25T07:45:48","guid":{"rendered":"http:\/\/agora.xtec.cat\/ceip-joan-coret\/?p=1478"},"modified":"2018-06-25T09:45:48","modified_gmt":"2018-06-25T07:45:48","slug":"teatre-5e-b","status":"publish","type":"post","link":"https:\/\/agora.xtec.cat\/ceip-joan-coret\/portada\/teatre-5e-b\/","title":{"rendered":"Teatre 5\u00e8 B"},"content":{"rendered":"<p>Aqu\u00ed podeu veure la representaci\u00f3 de teatre que van fer el nenes i les nenes de 5\u00e8 B. Esperem que us agradi.<\/p>\n<p>Scene 1:<\/p>\n<p><iframe loading=\"lazy\" src=\"\/\/www.youtube.com\/embed\/zvA9j2MMnYY\" width=\"200\" height=\"112\" allowfullscreen=\"allowfullscreen\"><\/iframe><\/p>\n<p>Scene 2:<\/p>\n<p><iframe loading=\"lazy\" src=\"\/\/www.youtube.com\/embed\/UqonBwSELjw\" width=\"200\" height=\"112\" allowfullscreen=\"allowfullscreen\"><\/iframe><\/p>\n<p>Scene 3:<\/p>\n<p><iframe loading=\"lazy\" src=\"\/\/www.youtube.com\/embed\/WOsMYZJrl7g\" width=\"200\" height=\"112\" allowfullscreen=\"allowfullscreen\"><\/iframe><\/p>\n<p>Scene 4:<\/p>\n<p><iframe loading=\"lazy\" src=\"\/\/www.youtube.com\/embed\/MjpxyyHhDZ4\" width=\"200\" height=\"112\" allowfullscreen=\"allowfullscreen\"><\/iframe><\/p>\n<p>Scene 5:<\/p>\n<p><iframe loading=\"lazy\" src=\"\/\/www.youtube.com\/embed\/33CRdv6f7XE\" width=\"200\" height=\"112\" allowfullscreen=\"allowfullscreen\"><\/iframe><\/p>\n<p>Scene 6:<\/p>\n<p><iframe loading=\"lazy\" src=\"\/\/www.youtube.com\/embed\/DoqCknnhX_A\" width=\"200\" height=\"112\" allowfullscreen=\"allowfullscreen\"><\/iframe><\/p>\n<p>I aqu\u00ed teniu les fotos que vam fer:<\/p>\n<p><a href=\"https:\/\/photos.app.goo.gl\/hr9ZRdhETv9xSwUYA\" target=\"_blank\" rel=\"noopener noreferrer\">https:\/\/photos.app.goo.gl\/hr9ZRdhETv9xSwUYA<\/a><\/p>\n","protected":false},"excerpt":{"rendered":"<p>Aqu\u00ed podeu veure la representaci\u00f3 de teatre que van fer el nenes i les nenes de 5\u00e8 B. Esperem que us agradi.<br \/>\nScene 1:<\/p>\n<p>Scene 2:<\/p>\n<p>Scene 3:<\/p>\n<p>Scene 4:<\/p>\n<p>Scene 5:<\/p>\n<p>Scene 6:<\/p>\n<p>I aqu\u00ed teniu les fotos que vam fer:<br \/>\n<a href=\"https:\/\/photos.app.goo.gl\/hr9ZRdhETv9xSwUYA\" target=\"_blank\" rel=\"noopener noreferrer\">https:\/\/photos.app.goo.gl\/hr9ZRdhETv9xSwUYA<\/a><\/p>\n","protected":false},"author":3,"featured_media":1479,"comment_status":"open","ping_status":"closed","sticky":false,"template":"","format":"standard","meta":{"_bbp_topic_count":0,"_bbp_reply_count":0,"_bbp_total_topic_count":0,"_bbp_total_reply_count":0,"_bbp_voice_count":0,"_bbp_anonymous_reply_count":0,"_bbp_topic_count_hidden":0,"_bbp_reply_count_hidden":0,"_bbp_forum_subforum_count":0,"footnotes":""},"categories":[14,67,4],"tags":[68,117],"class_list":["post-1478","post","type-post","status-publish","format-standard","has-post-thumbnail","hentry","category-5e","category-angles","category-portada","tag-5e","tag-theatre"],"post_mailing_queue_ids":[],"_links":{"self":[{"href":"https:\/\/agora.xtec.cat\/ceip-joan-coret\/wp-json\/wp\/v2\/posts\/1478","targetHints":{"allow":["GET"]}}],"collection":[{"href":"https:\/\/agora.xtec.cat\/ceip-joan-coret\/wp-json\/wp\/v2\/posts"}],"about":[{"href":"https:\/\/agora.xtec.cat\/ceip-joan-coret\/wp-json\/wp\/v2\/types\/post"}],"author":[{"embeddable":true,"href":"https:\/\/agora.xtec.cat\/ceip-joan-coret\/wp-json\/wp\/v2\/users\/3"}],"replies":[{"embeddable":true,"href":"https:\/\/agora.xtec.cat\/ceip-joan-coret\/wp-json\/wp\/v2\/comments?post=1478"}],"version-history":[{"count":1,"href":"https:\/\/agora.xtec.cat\/ceip-joan-coret\/wp-json\/wp\/v2\/posts\/1478\/revisions"}],"predecessor-version":[{"id":1480,"href":"https:\/\/agora.xtec.cat\/ceip-joan-coret\/wp-json\/wp\/v2\/posts\/1478\/revisions\/1480"}],"wp:featuredmedia":[{"embeddable":true,"href":"https:\/\/agora.xtec.cat\/ceip-joan-coret\/wp-json\/wp\/v2\/media\/1479"}],"wp:attachment":[{"href":"https:\/\/agora.xtec.cat\/ceip-joan-coret\/wp-json\/wp\/v2\/media?parent=1478"}],"wp:term":[{"taxonomy":"category","embeddable":true,"href":"https:\/\/agora.xtec.cat\/ceip-joan-coret\/wp-json\/wp\/v2\/categories?post=1478"},{"taxonomy":"post_tag","embeddable":true,"href":"https:\/\/agora.xtec.cat\/ceip-joan-coret\/wp-json\/wp\/v2\/tags?post=1478"}],"curies":[{"name":"wp","href":"https:\/\/api.w.org\/{rel}","templated":true}]}}