{"id":1475,"date":"2018-06-25T09:34:39","date_gmt":"2018-06-25T07:34:39","guid":{"rendered":"http:\/\/agora.xtec.cat\/ceip-joan-coret\/?p=1475"},"modified":"2018-06-25T09:36:35","modified_gmt":"2018-06-25T07:36:35","slug":"teatre-5e-a","status":"publish","type":"post","link":"https:\/\/agora.xtec.cat\/ceip-joan-coret\/portada\/teatre-5e-a\/","title":{"rendered":"Teatre 5\u00e8 A"},"content":{"rendered":"<p>Aqu\u00ed podeu veure la representaci\u00f3 de teatre que van fer el nenes i les nenes de 5\u00e8 A. Esperem que us agradi.<\/p>\n<p>Scene 1:<\/p>\n<p><iframe loading=\"lazy\" src=\"\/\/www.youtube.com\/embed\/92IUYRC98X8\" width=\"200\" height=\"112\" allowfullscreen=\"allowfullscreen\"><\/iframe><\/p>\n<p>Scene 2:<\/p>\n<p><iframe loading=\"lazy\" src=\"\/\/www.youtube.com\/embed\/kenDio5uQZE\" width=\"200\" height=\"112\" allowfullscreen=\"allowfullscreen\"><\/iframe><\/p>\n<p>Scene 3:<\/p>\n<p><iframe loading=\"lazy\" src=\"\/\/www.youtube.com\/embed\/vzTTjlXJPrE\" width=\"200\" height=\"112\" allowfullscreen=\"allowfullscreen\"><\/iframe><\/p>\n<p>Scene 4:<\/p>\n<p><iframe loading=\"lazy\" src=\"\/\/www.youtube.com\/embed\/Z6kJEhYfens\" width=\"200\" height=\"112\" allowfullscreen=\"allowfullscreen\"><\/iframe><\/p>\n<p>Scene 5:<\/p>\n<p><iframe loading=\"lazy\" src=\"\/\/www.youtube.com\/embed\/HzYnoFVQGvk\" width=\"200\" height=\"112\" allowfullscreen=\"allowfullscreen\"><\/iframe><\/p>\n<p>Scene 6:<\/p>\n<p><iframe loading=\"lazy\" src=\"\/\/www.youtube.com\/embed\/A0D7ZK4QwKs\" width=\"200\" height=\"112\" allowfullscreen=\"allowfullscreen\"><\/iframe><\/p>\n<p>Scene 7:<\/p>\n<p><iframe loading=\"lazy\" src=\"\/\/www.youtube.com\/embed\/W0GYwuerR18\" width=\"200\" height=\"112\" allowfullscreen=\"allowfullscreen\"><\/iframe><\/p>\n<p>Scene 8:<\/p>\n<p><iframe loading=\"lazy\" src=\"\/\/www.youtube.com\/embed\/Pt5OMvfJqXM\" width=\"200\" height=\"112\" allowfullscreen=\"allowfullscreen\"><\/iframe><\/p>\n","protected":false},"excerpt":{"rendered":"<p>Aqu\u00ed podeu veure la representaci\u00f3 de teatre que van fer el nenes i les nenes de 5\u00e8 A. Esperem que us agradi.<br \/>\nScene 1:<\/p>\n<p>Scene 2:<\/p>\n<p>Scene 3:<\/p>\n<p>Scene 4:<\/p>\n<p>Scene 5:<\/p>\n<p>Scene 6:<\/p>\n<p>Scene 7:<\/p>\n<p>Scene 8:<\/p>\n","protected":false},"author":3,"featured_media":1476,"comment_status":"open","ping_status":"closed","sticky":false,"template":"","format":"standard","meta":{"_bbp_topic_count":0,"_bbp_reply_count":0,"_bbp_total_topic_count":0,"_bbp_total_reply_count":0,"_bbp_voice_count":0,"_bbp_anonymous_reply_count":0,"_bbp_topic_count_hidden":0,"_bbp_reply_count_hidden":0,"_bbp_forum_subforum_count":0,"footnotes":""},"categories":[14,67,4],"tags":[68,117],"class_list":["post-1475","post","type-post","status-publish","format-standard","has-post-thumbnail","hentry","category-5e","category-angles","category-portada","tag-5e","tag-theatre"],"post_mailing_queue_ids":[],"_links":{"self":[{"href":"https:\/\/agora.xtec.cat\/ceip-joan-coret\/wp-json\/wp\/v2\/posts\/1475","targetHints":{"allow":["GET"]}}],"collection":[{"href":"https:\/\/agora.xtec.cat\/ceip-joan-coret\/wp-json\/wp\/v2\/posts"}],"about":[{"href":"https:\/\/agora.xtec.cat\/ceip-joan-coret\/wp-json\/wp\/v2\/types\/post"}],"author":[{"embeddable":true,"href":"https:\/\/agora.xtec.cat\/ceip-joan-coret\/wp-json\/wp\/v2\/users\/3"}],"replies":[{"embeddable":true,"href":"https:\/\/agora.xtec.cat\/ceip-joan-coret\/wp-json\/wp\/v2\/comments?post=1475"}],"version-history":[{"count":1,"href":"https:\/\/agora.xtec.cat\/ceip-joan-coret\/wp-json\/wp\/v2\/posts\/1475\/revisions"}],"predecessor-version":[{"id":1477,"href":"https:\/\/agora.xtec.cat\/ceip-joan-coret\/wp-json\/wp\/v2\/posts\/1475\/revisions\/1477"}],"wp:featuredmedia":[{"embeddable":true,"href":"https:\/\/agora.xtec.cat\/ceip-joan-coret\/wp-json\/wp\/v2\/media\/1476"}],"wp:attachment":[{"href":"https:\/\/agora.xtec.cat\/ceip-joan-coret\/wp-json\/wp\/v2\/media?parent=1475"}],"wp:term":[{"taxonomy":"category","embeddable":true,"href":"https:\/\/agora.xtec.cat\/ceip-joan-coret\/wp-json\/wp\/v2\/categories?post=1475"},{"taxonomy":"post_tag","embeddable":true,"href":"https:\/\/agora.xtec.cat\/ceip-joan-coret\/wp-json\/wp\/v2\/tags?post=1475"}],"curies":[{"name":"wp","href":"https:\/\/api.w.org\/{rel}","templated":true}]}}