{"id":1473,"date":"2018-06-25T09:26:36","date_gmt":"2018-06-25T07:26:36","guid":{"rendered":"http:\/\/agora.xtec.cat\/ceip-joan-coret\/?p=1473"},"modified":"2018-06-25T09:26:36","modified_gmt":"2018-06-25T07:26:36","slug":"parlament-5e","status":"publish","type":"post","link":"https:\/\/agora.xtec.cat\/ceip-joan-coret\/portada\/parlament-5e\/","title":{"rendered":"Parlament 5\u00e8"},"content":{"rendered":"<p>Aqu\u00ed teniu les fotos de la visita dels nens i les nenes de 5\u00e8 al Parlament de Catalunya. A veure qu\u00e8 us semblen&#8230;<\/p>\n<p><a href=\"https:\/\/photos.app.goo.gl\/W5EVKd3DNA3gTLob6\" target=\"_blank\" rel=\"noopener noreferrer\">https:\/\/photos.app.goo.gl\/W5EVKd3DNA3gTLob6<\/a><\/p>\n","protected":false},"excerpt":{"rendered":"<p>Aqu\u00ed teniu les fotos de la visita dels nens i les nenes de 5\u00e8 al Parlament de Catalunya. A veure qu\u00e8 us semblen&#8230;<br \/>\n<a href=\"https:\/\/photos.app.goo.gl\/W5EVKd3DNA3gTLob6\" target=\"_blank\" rel=\"noopener noreferrer\">https:\/\/photos.app.goo.gl\/W5EVKd3DNA3gTLob6<\/a><\/p>\n","protected":false},"author":3,"featured_media":0,"comment_status":"open","ping_status":"closed","sticky":false,"template":"","format":"standard","meta":{"_bbp_topic_count":0,"_bbp_reply_count":0,"_bbp_total_topic_count":0,"_bbp_total_reply_count":0,"_bbp_voice_count":0,"_bbp_anonymous_reply_count":0,"_bbp_topic_count_hidden":0,"_bbp_reply_count_hidden":0,"_bbp_forum_subforum_count":0,"footnotes":""},"categories":[14,4],"tags":[68,123],"class_list":["post-1473","post","type-post","status-publish","format-standard","hentry","category-5e","category-portada","tag-5e","tag-parlament-catalunya"],"post_mailing_queue_ids":[],"_links":{"self":[{"href":"https:\/\/agora.xtec.cat\/ceip-joan-coret\/wp-json\/wp\/v2\/posts\/1473","targetHints":{"allow":["GET"]}}],"collection":[{"href":"https:\/\/agora.xtec.cat\/ceip-joan-coret\/wp-json\/wp\/v2\/posts"}],"about":[{"href":"https:\/\/agora.xtec.cat\/ceip-joan-coret\/wp-json\/wp\/v2\/types\/post"}],"author":[{"embeddable":true,"href":"https:\/\/agora.xtec.cat\/ceip-joan-coret\/wp-json\/wp\/v2\/users\/3"}],"replies":[{"embeddable":true,"href":"https:\/\/agora.xtec.cat\/ceip-joan-coret\/wp-json\/wp\/v2\/comments?post=1473"}],"version-history":[{"count":1,"href":"https:\/\/agora.xtec.cat\/ceip-joan-coret\/wp-json\/wp\/v2\/posts\/1473\/revisions"}],"predecessor-version":[{"id":1474,"href":"https:\/\/agora.xtec.cat\/ceip-joan-coret\/wp-json\/wp\/v2\/posts\/1473\/revisions\/1474"}],"wp:attachment":[{"href":"https:\/\/agora.xtec.cat\/ceip-joan-coret\/wp-json\/wp\/v2\/media?parent=1473"}],"wp:term":[{"taxonomy":"category","embeddable":true,"href":"https:\/\/agora.xtec.cat\/ceip-joan-coret\/wp-json\/wp\/v2\/categories?post=1473"},{"taxonomy":"post_tag","embeddable":true,"href":"https:\/\/agora.xtec.cat\/ceip-joan-coret\/wp-json\/wp\/v2\/tags?post=1473"}],"curies":[{"name":"wp","href":"https:\/\/api.w.org\/{rel}","templated":true}]}}