{"id":1463,"date":"2018-06-21T14:11:31","date_gmt":"2018-06-21T12:11:31","guid":{"rendered":"http:\/\/agora.xtec.cat\/ceip-joan-coret\/?p=1463"},"modified":"2018-06-25T09:16:59","modified_gmt":"2018-06-25T07:16:59","slug":"cantania-2018","status":"publish","type":"post","link":"https:\/\/agora.xtec.cat\/ceip-joan-coret\/general\/cantania-2018\/","title":{"rendered":"Cant\u00e0nia 2018"},"content":{"rendered":"<p>El passat 25 de Maig, els nens i les nenes de 5\u00e8 vam participar en la Cant\u00e0nia. Us mostrem algunes fotos de l&#8217;assaig a l&#8217;Auditori i la foto de grup. Ens ho vam passar genial!<\/p>\n<p><a href=\"https:\/\/photos.app.goo.gl\/y43d5rmJRAtQZSt69\" target=\"_blank\" rel=\"noopener noreferrer\">https:\/\/photos.app.goo.gl\/y43d5rmJRAtQZSt69<\/a><\/p>\n","protected":false},"excerpt":{"rendered":"<p>El passat 25 de Maig, els nens i les nenes de 5\u00e8 vam participar en la Cant\u00e0nia. Us mostrem algunes fotos de l&#8217;assaig a l&#8217;Auditori i la foto de grup. Ens ho vam passar genial!<br \/>\n<a href=\"https:\/\/photos.app.goo.gl\/y43d5rmJRAtQZSt69\" target=\"_blank\" rel=\"noopener noreferrer\">https:\/\/photos.app.goo.gl\/y43d5rmJRAtQZSt69<\/a><\/p>\n","protected":false},"author":2,"featured_media":0,"comment_status":"open","ping_status":"closed","sticky":false,"template":"","format":"standard","meta":{"_bbp_topic_count":0,"_bbp_reply_count":0,"_bbp_total_topic_count":0,"_bbp_total_reply_count":0,"_bbp_voice_count":0,"_bbp_anonymous_reply_count":0,"_bbp_topic_count_hidden":0,"_bbp_reply_count_hidden":0,"_bbp_forum_subforum_count":0,"footnotes":""},"categories":[14,1,4],"tags":[],"class_list":["post-1463","post","type-post","status-publish","format-standard","hentry","category-5e","category-general","category-portada"],"post_mailing_queue_ids":[],"_links":{"self":[{"href":"https:\/\/agora.xtec.cat\/ceip-joan-coret\/wp-json\/wp\/v2\/posts\/1463","targetHints":{"allow":["GET"]}}],"collection":[{"href":"https:\/\/agora.xtec.cat\/ceip-joan-coret\/wp-json\/wp\/v2\/posts"}],"about":[{"href":"https:\/\/agora.xtec.cat\/ceip-joan-coret\/wp-json\/wp\/v2\/types\/post"}],"author":[{"embeddable":true,"href":"https:\/\/agora.xtec.cat\/ceip-joan-coret\/wp-json\/wp\/v2\/users\/2"}],"replies":[{"embeddable":true,"href":"https:\/\/agora.xtec.cat\/ceip-joan-coret\/wp-json\/wp\/v2\/comments?post=1463"}],"version-history":[{"count":3,"href":"https:\/\/agora.xtec.cat\/ceip-joan-coret\/wp-json\/wp\/v2\/posts\/1463\/revisions"}],"predecessor-version":[{"id":1467,"href":"https:\/\/agora.xtec.cat\/ceip-joan-coret\/wp-json\/wp\/v2\/posts\/1463\/revisions\/1467"}],"wp:attachment":[{"href":"https:\/\/agora.xtec.cat\/ceip-joan-coret\/wp-json\/wp\/v2\/media?parent=1463"}],"wp:term":[{"taxonomy":"category","embeddable":true,"href":"https:\/\/agora.xtec.cat\/ceip-joan-coret\/wp-json\/wp\/v2\/categories?post=1463"},{"taxonomy":"post_tag","embeddable":true,"href":"https:\/\/agora.xtec.cat\/ceip-joan-coret\/wp-json\/wp\/v2\/tags?post=1463"}],"curies":[{"name":"wp","href":"https:\/\/api.w.org\/{rel}","templated":true}]}}