{"id":1457,"date":"2018-06-21T10:11:53","date_gmt":"2018-06-21T08:11:53","guid":{"rendered":"http:\/\/agora.xtec.cat\/ceip-joan-coret\/?p=1457"},"modified":"2018-06-21T10:15:59","modified_gmt":"2018-06-21T08:15:59","slug":"detall-menjador-amb-6e","status":"publish","type":"post","link":"https:\/\/agora.xtec.cat\/ceip-joan-coret\/portada\/detall-menjador-amb-6e\/","title":{"rendered":"Detall menjador amb 6\u00e8"},"content":{"rendered":"<p>Des del menjador han preparat un regal per als nens i les nenes de 6\u00e8. Aqu\u00ed teniu les fotos del detall. Moltes gr\u00e0cies Anna !!! i monitors i monitores del menjador!<\/p>\n<p><a href=\"http:\/\/agora.xtec.cat\/ceip-joan-coret\/wp-content\/uploads\/usu1194\/2018\/06\/WhatsApp-Image-2018-06-21-at-09.27.35-1.jpeg\"><img loading=\"lazy\" decoding=\"async\" class=\"alignnone size-medium wp-image-1458\" src=\"http:\/\/agora.xtec.cat\/ceip-joan-coret\/wp-content\/uploads\/usu1194\/2018\/06\/WhatsApp-Image-2018-06-21-at-09.27.35-1-300x225.jpeg\" alt=\"\" width=\"300\" height=\"225\" srcset=\"https:\/\/agora.xtec.cat\/ceip-joan-coret\/wp-content\/uploads\/usu1194\/2018\/06\/WhatsApp-Image-2018-06-21-at-09.27.35-1-300x225.jpeg 300w, https:\/\/agora.xtec.cat\/ceip-joan-coret\/wp-content\/uploads\/usu1194\/2018\/06\/WhatsApp-Image-2018-06-21-at-09.27.35-1-768x576.jpeg 768w, https:\/\/agora.xtec.cat\/ceip-joan-coret\/wp-content\/uploads\/usu1194\/2018\/06\/WhatsApp-Image-2018-06-21-at-09.27.35-1-1024x768.jpeg 1024w, https:\/\/agora.xtec.cat\/ceip-joan-coret\/wp-content\/uploads\/usu1194\/2018\/06\/WhatsApp-Image-2018-06-21-at-09.27.35-1-200x150.jpeg 200w, https:\/\/agora.xtec.cat\/ceip-joan-coret\/wp-content\/uploads\/usu1194\/2018\/06\/WhatsApp-Image-2018-06-21-at-09.27.35-1.jpeg 1600w\" sizes=\"auto, (max-width: 300px) 100vw, 300px\" \/><\/a> <a href=\"http:\/\/agora.xtec.cat\/ceip-joan-coret\/wp-content\/uploads\/usu1194\/2018\/06\/WhatsApp-Image-2018-06-21-at-09.28.13.jpeg\"><img loading=\"lazy\" decoding=\"async\" class=\"alignnone wp-image-1459 size-medium\" src=\"http:\/\/agora.xtec.cat\/ceip-joan-coret\/wp-content\/uploads\/usu1194\/2018\/06\/WhatsApp-Image-2018-06-21-at-09.28.13-300x225.jpeg\" alt=\"\" width=\"300\" height=\"225\" srcset=\"https:\/\/agora.xtec.cat\/ceip-joan-coret\/wp-content\/uploads\/usu1194\/2018\/06\/WhatsApp-Image-2018-06-21-at-09.28.13-300x225.jpeg 300w, https:\/\/agora.xtec.cat\/ceip-joan-coret\/wp-content\/uploads\/usu1194\/2018\/06\/WhatsApp-Image-2018-06-21-at-09.28.13-768x576.jpeg 768w, https:\/\/agora.xtec.cat\/ceip-joan-coret\/wp-content\/uploads\/usu1194\/2018\/06\/WhatsApp-Image-2018-06-21-at-09.28.13-1024x768.jpeg 1024w, https:\/\/agora.xtec.cat\/ceip-joan-coret\/wp-content\/uploads\/usu1194\/2018\/06\/WhatsApp-Image-2018-06-21-at-09.28.13-200x150.jpeg 200w, https:\/\/agora.xtec.cat\/ceip-joan-coret\/wp-content\/uploads\/usu1194\/2018\/06\/WhatsApp-Image-2018-06-21-at-09.28.13.jpeg 1600w\" sizes=\"auto, (max-width: 300px) 100vw, 300px\" \/><\/a><\/p>\n","protected":false},"excerpt":{"rendered":"<p>Des del menjador han preparat un regal per als nens i les nenes de 6\u00e8. Aqu\u00ed teniu les fotos del detall. Moltes gr\u00e0cies Anna !!! i monitors i monitores del menjador!<br \/>\n<a href=\"http:\/\/agora.xtec.cat\/ceip-joan-coret\/wp-content\/uploads\/usu1194\/2018\/06\/WhatsApp-Image-2018-06-21-at-09.27.35-1.jpeg\"><\/a> <a href=\"http:\/\/agora.xtec.cat\/ceip-joan-coret\/wp-content\/uploads\/usu1194\/2018\/06\/WhatsApp-Image-2018-06-21-at-09.28.13.jpeg\"><\/a><\/p>\n","protected":false},"author":3,"featured_media":0,"comment_status":"open","ping_status":"closed","sticky":false,"template":"","format":"standard","meta":{"_bbp_topic_count":0,"_bbp_reply_count":0,"_bbp_total_topic_count":0,"_bbp_total_reply_count":0,"_bbp_voice_count":0,"_bbp_anonymous_reply_count":0,"_bbp_topic_count_hidden":0,"_bbp_reply_count_hidden":0,"_bbp_forum_subforum_count":0,"footnotes":""},"categories":[15,110,4],"tags":[59],"class_list":["post-1457","post","type-post","status-publish","format-standard","hentry","category-6e","category-menjador","category-portada","tag-menjador"],"post_mailing_queue_ids":[],"_links":{"self":[{"href":"https:\/\/agora.xtec.cat\/ceip-joan-coret\/wp-json\/wp\/v2\/posts\/1457","targetHints":{"allow":["GET"]}}],"collection":[{"href":"https:\/\/agora.xtec.cat\/ceip-joan-coret\/wp-json\/wp\/v2\/posts"}],"about":[{"href":"https:\/\/agora.xtec.cat\/ceip-joan-coret\/wp-json\/wp\/v2\/types\/post"}],"author":[{"embeddable":true,"href":"https:\/\/agora.xtec.cat\/ceip-joan-coret\/wp-json\/wp\/v2\/users\/3"}],"replies":[{"embeddable":true,"href":"https:\/\/agora.xtec.cat\/ceip-joan-coret\/wp-json\/wp\/v2\/comments?post=1457"}],"version-history":[{"count":1,"href":"https:\/\/agora.xtec.cat\/ceip-joan-coret\/wp-json\/wp\/v2\/posts\/1457\/revisions"}],"predecessor-version":[{"id":1460,"href":"https:\/\/agora.xtec.cat\/ceip-joan-coret\/wp-json\/wp\/v2\/posts\/1457\/revisions\/1460"}],"wp:attachment":[{"href":"https:\/\/agora.xtec.cat\/ceip-joan-coret\/wp-json\/wp\/v2\/media?parent=1457"}],"wp:term":[{"taxonomy":"category","embeddable":true,"href":"https:\/\/agora.xtec.cat\/ceip-joan-coret\/wp-json\/wp\/v2\/categories?post=1457"},{"taxonomy":"post_tag","embeddable":true,"href":"https:\/\/agora.xtec.cat\/ceip-joan-coret\/wp-json\/wp\/v2\/tags?post=1457"}],"curies":[{"name":"wp","href":"https:\/\/api.w.org\/{rel}","templated":true}]}}