{"id":1422,"date":"2018-06-07T15:01:34","date_gmt":"2018-06-07T13:01:34","guid":{"rendered":"http:\/\/agora.xtec.cat\/ceip-joan-coret\/?p=1422"},"modified":"2018-06-07T15:07:51","modified_gmt":"2018-06-07T13:07:51","slug":"foto-matematica","status":"publish","type":"post","link":"https:\/\/agora.xtec.cat\/ceip-joan-coret\/portada\/foto-matematica\/","title":{"rendered":"Foto Matem\u00e0tica"},"content":{"rendered":"<p>L&#8217;alumne de l&#8217;escola <strong>\u00c1lvaro Huelves<\/strong> va guanyar el concurs de Fotografia Matem\u00e0tica de la fundaci\u00f3 ABEAM que es fa a tot Catalunya.<\/p>\n<p>Enhorabona \u00c1lvaro!! A seguir aix\u00ed!<\/p>\n<p><iframe loading=\"lazy\" src=\"\/\/www.youtube.com\/embed\/TAIeZdvPGHE\" width=\"500\" height=\"280\" allowfullscreen=\"allowfullscreen\"><\/iframe><\/p>\n<p><a href=\"http:\/\/agora.xtec.cat\/ceip-joan-coret\/wp-content\/uploads\/usu1194\/2018\/06\/IMG-20180606-WA0009.jpg\"><img loading=\"lazy\" decoding=\"async\" class=\"alignleft wp-image-1425 size-large\" src=\"http:\/\/agora.xtec.cat\/ceip-joan-coret\/wp-content\/uploads\/usu1194\/2018\/06\/IMG-20180606-WA0009-1024x576.jpg\" alt=\"\" width=\"1024\" height=\"576\" srcset=\"https:\/\/agora.xtec.cat\/ceip-joan-coret\/wp-content\/uploads\/usu1194\/2018\/06\/IMG-20180606-WA0009-1024x576.jpg 1024w, https:\/\/agora.xtec.cat\/ceip-joan-coret\/wp-content\/uploads\/usu1194\/2018\/06\/IMG-20180606-WA0009-300x169.jpg 300w, https:\/\/agora.xtec.cat\/ceip-joan-coret\/wp-content\/uploads\/usu1194\/2018\/06\/IMG-20180606-WA0009-768x432.jpg 768w, https:\/\/agora.xtec.cat\/ceip-joan-coret\/wp-content\/uploads\/usu1194\/2018\/06\/IMG-20180606-WA0009.jpg 1600w\" sizes=\"auto, (max-width: 1024px) 100vw, 1024px\" \/><\/a><\/p>\n","protected":false},"excerpt":{"rendered":"<p>L&#8217;alumne de l&#8217;escola \u00c1lvaro Huelves va guanyar el concurs de Fotografia Matem\u00e0tica de la fundaci\u00f3 ABEAM que es fa a tot Catalunya.<br \/>\nEnhorabona \u00c1lvaro!! A seguir aix\u00ed!<\/p>\n<p><a href=\"http:\/\/agora.xtec.cat\/ceip-joan-coret\/wp-content\/uploads\/usu1194\/2018\/06\/IMG-20180606-WA0009.jpg\"><\/a><\/p>\n","protected":false},"author":3,"featured_media":1423,"comment_status":"open","ping_status":"closed","sticky":false,"template":"","format":"standard","meta":{"_bbp_topic_count":0,"_bbp_reply_count":0,"_bbp_total_topic_count":0,"_bbp_total_reply_count":0,"_bbp_voice_count":0,"_bbp_anonymous_reply_count":0,"_bbp_topic_count_hidden":0,"_bbp_reply_count_hidden":0,"_bbp_forum_subforum_count":0,"footnotes":""},"categories":[15,4],"tags":[65,120],"class_list":["post-1422","post","type-post","status-publish","format-standard","has-post-thumbnail","hentry","category-6e","category-portada","tag-6e","tag-foto-matematica"],"post_mailing_queue_ids":[],"_links":{"self":[{"href":"https:\/\/agora.xtec.cat\/ceip-joan-coret\/wp-json\/wp\/v2\/posts\/1422","targetHints":{"allow":["GET"]}}],"collection":[{"href":"https:\/\/agora.xtec.cat\/ceip-joan-coret\/wp-json\/wp\/v2\/posts"}],"about":[{"href":"https:\/\/agora.xtec.cat\/ceip-joan-coret\/wp-json\/wp\/v2\/types\/post"}],"author":[{"embeddable":true,"href":"https:\/\/agora.xtec.cat\/ceip-joan-coret\/wp-json\/wp\/v2\/users\/3"}],"replies":[{"embeddable":true,"href":"https:\/\/agora.xtec.cat\/ceip-joan-coret\/wp-json\/wp\/v2\/comments?post=1422"}],"version-history":[{"count":3,"href":"https:\/\/agora.xtec.cat\/ceip-joan-coret\/wp-json\/wp\/v2\/posts\/1422\/revisions"}],"predecessor-version":[{"id":1428,"href":"https:\/\/agora.xtec.cat\/ceip-joan-coret\/wp-json\/wp\/v2\/posts\/1422\/revisions\/1428"}],"wp:featuredmedia":[{"embeddable":true,"href":"https:\/\/agora.xtec.cat\/ceip-joan-coret\/wp-json\/wp\/v2\/media\/1423"}],"wp:attachment":[{"href":"https:\/\/agora.xtec.cat\/ceip-joan-coret\/wp-json\/wp\/v2\/media?parent=1422"}],"wp:term":[{"taxonomy":"category","embeddable":true,"href":"https:\/\/agora.xtec.cat\/ceip-joan-coret\/wp-json\/wp\/v2\/categories?post=1422"},{"taxonomy":"post_tag","embeddable":true,"href":"https:\/\/agora.xtec.cat\/ceip-joan-coret\/wp-json\/wp\/v2\/tags?post=1422"}],"curies":[{"name":"wp","href":"https:\/\/api.w.org\/{rel}","templated":true}]}}