{"id":1387,"date":"2018-05-30T15:41:03","date_gmt":"2018-05-30T13:41:03","guid":{"rendered":"http:\/\/agora.xtec.cat\/ceip-joan-coret\/?p=1387"},"modified":"2018-06-02T16:48:07","modified_gmt":"2018-06-02T14:48:07","slug":"final-territorial-dels-v-jocs-florals-escolars-de-catalunya-de-barcelona-comarques","status":"publish","type":"post","link":"https:\/\/agora.xtec.cat\/ceip-joan-coret\/general\/final-territorial-dels-v-jocs-florals-escolars-de-catalunya-de-barcelona-comarques\/","title":{"rendered":"Final Territorial dels V Jocs Florals Escolars de Catalunya de Barcelona Comarques"},"content":{"rendered":"<p><a href=\"http:\/\/agora.xtec.cat\/ceip-joan-coret\/wp-content\/uploads\/usu1194\/2018\/05\/IMG_20180517_105833.jpg\"><img loading=\"lazy\" decoding=\"async\" class=\"wp-image-1401 aligncenter\" src=\"http:\/\/agora.xtec.cat\/ceip-joan-coret\/wp-content\/uploads\/usu1194\/2018\/05\/IMG_20180517_105833-150x150.jpg\" alt=\"\" width=\"204\" height=\"204\" \/><\/a>Aquest any l&#8217;alumna Mariona Catalan de 6\u00e8 va quedar finalista als <strong>V Jocs Florals Escolars de Catalunya<\/strong> de Barcelona Comarques amb el relat curt &#8220;L&#8217;autor dels assassinats&#8221;. Enhorabona!<\/p>\n<p>Aqu\u00ed teniu l&#8217;enlla\u00e7 al v\u00eddeo de l&#8217;entrega de diplomes i premis:<\/p>\n<p><a href=\"https:\/\/youtu.be\/-ggpCwXvxwg\" target=\"_blank\" rel=\"noopener noreferrer\">V Jocs Florals de Catalunya &#8211; Barcelona Comarques<\/a><\/p>\n","protected":false},"excerpt":{"rendered":"<p><a href=\"http:\/\/agora.xtec.cat\/ceip-joan-coret\/wp-content\/uploads\/usu1194\/2018\/05\/IMG_20180517_105833.jpg\"><\/a>Aquest any l&#8217;alumna Mariona Catalan de 6\u00e8 va quedar finalista als V Jocs Florals Escolars de Catalunya de Barcelona Comarques amb el relat curt &#8220;L&#8217;autor dels assassinats&#8221;. Enhorabona!<br \/>\nAqu\u00ed teniu l&#8217;enlla\u00e7 al v\u00eddeo de l&#8217;entrega de diplomes i premis:<br \/>\n<a href=\"https:\/\/youtu.be\/-ggpCwXvxwg\" target=\"_blank\" rel=\"noopener noreferrer\">V Jocs Florals&hellip;  <a href=\"https:\/\/agora.xtec.cat\/ceip-joan-coret\/general\/final-territorial-dels-v-jocs-florals-escolars-de-catalunya-de-barcelona-comarques\/\" title=\"Read Final Territorial dels V Jocs Florals Escolars de Catalunya de Barcelona Comarques\">Llegeix m\u00e9s\u00bb<\/a><\/p>\n","protected":false},"author":1,"featured_media":1398,"comment_status":"open","ping_status":"closed","sticky":false,"template":"","format":"standard","meta":{"_bbp_topic_count":0,"_bbp_reply_count":0,"_bbp_total_topic_count":0,"_bbp_total_reply_count":0,"_bbp_voice_count":0,"_bbp_anonymous_reply_count":0,"_bbp_topic_count_hidden":0,"_bbp_reply_count_hidden":0,"_bbp_forum_subforum_count":0,"footnotes":""},"categories":[1,4],"tags":[],"class_list":["post-1387","post","type-post","status-publish","format-standard","has-post-thumbnail","hentry","category-general","category-portada"],"post_mailing_queue_ids":[],"_links":{"self":[{"href":"https:\/\/agora.xtec.cat\/ceip-joan-coret\/wp-json\/wp\/v2\/posts\/1387","targetHints":{"allow":["GET"]}}],"collection":[{"href":"https:\/\/agora.xtec.cat\/ceip-joan-coret\/wp-json\/wp\/v2\/posts"}],"about":[{"href":"https:\/\/agora.xtec.cat\/ceip-joan-coret\/wp-json\/wp\/v2\/types\/post"}],"author":[{"embeddable":true,"href":"https:\/\/agora.xtec.cat\/ceip-joan-coret\/wp-json\/wp\/v2\/users\/1"}],"replies":[{"embeddable":true,"href":"https:\/\/agora.xtec.cat\/ceip-joan-coret\/wp-json\/wp\/v2\/comments?post=1387"}],"version-history":[{"count":4,"href":"https:\/\/agora.xtec.cat\/ceip-joan-coret\/wp-json\/wp\/v2\/posts\/1387\/revisions"}],"predecessor-version":[{"id":1420,"href":"https:\/\/agora.xtec.cat\/ceip-joan-coret\/wp-json\/wp\/v2\/posts\/1387\/revisions\/1420"}],"wp:featuredmedia":[{"embeddable":true,"href":"https:\/\/agora.xtec.cat\/ceip-joan-coret\/wp-json\/wp\/v2\/media\/1398"}],"wp:attachment":[{"href":"https:\/\/agora.xtec.cat\/ceip-joan-coret\/wp-json\/wp\/v2\/media?parent=1387"}],"wp:term":[{"taxonomy":"category","embeddable":true,"href":"https:\/\/agora.xtec.cat\/ceip-joan-coret\/wp-json\/wp\/v2\/categories?post=1387"},{"taxonomy":"post_tag","embeddable":true,"href":"https:\/\/agora.xtec.cat\/ceip-joan-coret\/wp-json\/wp\/v2\/tags?post=1387"}],"curies":[{"name":"wp","href":"https:\/\/api.w.org\/{rel}","templated":true}]}}