{"id":1356,"date":"2018-05-03T12:16:11","date_gmt":"2018-05-03T10:16:11","guid":{"rendered":"http:\/\/agora.xtec.cat\/ceip-joan-coret\/?p=1356"},"modified":"2018-05-03T12:16:11","modified_gmt":"2018-05-03T10:16:11","slug":"padrins-lectors-5e-1r","status":"publish","type":"post","link":"https:\/\/agora.xtec.cat\/ceip-joan-coret\/portada\/padrins-lectors-5e-1r\/","title":{"rendered":"Padrins lectors 5\u00e8-1r"},"content":{"rendered":"<p>Despr\u00e9s d&#8217;un temps, ja tenim les fotos de l&#8217;apadrinament lector que fan els nens i nenes de 5\u00e8 amb els nens i les nenes de 1r curs. Aqu\u00ed tenim les fotos:<\/p>\n<p><a href=\"https:\/\/photos.app.goo.gl\/CXCQZpJkCgdXACp48\" target=\"_blank\" rel=\"noopener noreferrer\">https:\/\/photos.app.goo.gl\/CXCQZpJkCgdXACp48<\/a><\/p>\n","protected":false},"excerpt":{"rendered":"<p>Despr\u00e9s d&#8217;un temps, ja tenim les fotos de l&#8217;apadrinament lector que fan els nens i nenes de 5\u00e8 amb els nens i les nenes de 1r curs. Aqu\u00ed tenim les fotos:<br \/>\n<a href=\"https:\/\/photos.app.goo.gl\/CXCQZpJkCgdXACp48\" target=\"_blank\" rel=\"noopener noreferrer\">https:\/\/photos.app.goo.gl\/CXCQZpJkCgdXACp48<\/a><\/p>\n","protected":false},"author":3,"featured_media":0,"comment_status":"open","ping_status":"closed","sticky":false,"template":"","format":"standard","meta":{"_bbp_topic_count":0,"_bbp_reply_count":0,"_bbp_total_topic_count":0,"_bbp_total_reply_count":0,"_bbp_voice_count":0,"_bbp_anonymous_reply_count":0,"_bbp_topic_count_hidden":0,"_bbp_reply_count_hidden":0,"_bbp_forum_subforum_count":0,"footnotes":""},"categories":[10,14,4],"tags":[93,68,109],"class_list":["post-1356","post","type-post","status-publish","format-standard","hentry","category-1r","category-5e","category-portada","tag-1r","tag-5e","tag-padrins-lectors"],"post_mailing_queue_ids":[],"_links":{"self":[{"href":"https:\/\/agora.xtec.cat\/ceip-joan-coret\/wp-json\/wp\/v2\/posts\/1356","targetHints":{"allow":["GET"]}}],"collection":[{"href":"https:\/\/agora.xtec.cat\/ceip-joan-coret\/wp-json\/wp\/v2\/posts"}],"about":[{"href":"https:\/\/agora.xtec.cat\/ceip-joan-coret\/wp-json\/wp\/v2\/types\/post"}],"author":[{"embeddable":true,"href":"https:\/\/agora.xtec.cat\/ceip-joan-coret\/wp-json\/wp\/v2\/users\/3"}],"replies":[{"embeddable":true,"href":"https:\/\/agora.xtec.cat\/ceip-joan-coret\/wp-json\/wp\/v2\/comments?post=1356"}],"version-history":[{"count":1,"href":"https:\/\/agora.xtec.cat\/ceip-joan-coret\/wp-json\/wp\/v2\/posts\/1356\/revisions"}],"predecessor-version":[{"id":1357,"href":"https:\/\/agora.xtec.cat\/ceip-joan-coret\/wp-json\/wp\/v2\/posts\/1356\/revisions\/1357"}],"wp:attachment":[{"href":"https:\/\/agora.xtec.cat\/ceip-joan-coret\/wp-json\/wp\/v2\/media?parent=1356"}],"wp:term":[{"taxonomy":"category","embeddable":true,"href":"https:\/\/agora.xtec.cat\/ceip-joan-coret\/wp-json\/wp\/v2\/categories?post=1356"},{"taxonomy":"post_tag","embeddable":true,"href":"https:\/\/agora.xtec.cat\/ceip-joan-coret\/wp-json\/wp\/v2\/tags?post=1356"}],"curies":[{"name":"wp","href":"https:\/\/api.w.org\/{rel}","templated":true}]}}