{"id":1340,"date":"2018-05-03T11:37:02","date_gmt":"2018-05-03T09:37:02","guid":{"rendered":"http:\/\/agora.xtec.cat\/ceip-joan-coret\/?p=1340"},"modified":"2018-05-03T11:37:57","modified_gmt":"2018-05-03T09:37:57","slug":"visita-al-cram","status":"publish","type":"post","link":"https:\/\/agora.xtec.cat\/ceip-joan-coret\/portada\/visita-al-cram\/","title":{"rendered":"Visita al CRAM"},"content":{"rendered":"<p>Els alumnes de 4t dins el seu projecte: Actuem pel Mar van anar al <strong>CRAM<\/strong> (Centre de Recuperaci\u00f3 d&#8217;Animals Marins), per poder fer l&#8217;activitat &#8220;<strong>Compra peix amb el cap<\/strong>&#8220;.<\/p>\n<p>Ens va quedar molt clar que nosaltres podem fer m\u00e9s del que ens pensem per protegir el medi mar\u00ed i entre aquestes coses \u00e9s fixar-nos en l&#8217;etiquetatge del peix: que sigui de proximitat, la t\u00e8cnica de pesca que sigui selectiva, la mida del peix&#8230;<\/p>\n<p>I si voleu saber m\u00e9s&#8230; Espereu que acabem el projecte i us mantindrem informats!<\/p>\n<p><a href=\"https:\/\/photos.app.goo.gl\/csnjspm77QZVs7Vk1\" target=\"_blank\" rel=\"noopener noreferrer\">https:\/\/photos.app.goo.gl\/csnjspm77QZVs7Vk1<\/a><\/p>\n<p>&nbsp;<\/p>\n","protected":false},"excerpt":{"rendered":"<p>Els alumnes de 4t dins el seu projecte: Actuem pel Mar van anar al CRAM (Centre de Recuperaci\u00f3 d&#8217;Animals Marins), per poder fer l&#8217;activitat &#8220;Compra peix amb el cap&#8220;.<br \/>\nEns va quedar molt clar que nosaltres podem fer m\u00e9s del que ens pensem per protegir el&hellip;  <a href=\"https:\/\/agora.xtec.cat\/ceip-joan-coret\/portada\/visita-al-cram\/\" title=\"Read Visita al CRAM\">Llegeix m\u00e9s\u00bb<\/a><\/p>\n","protected":false},"author":2,"featured_media":0,"comment_status":"open","ping_status":"closed","sticky":false,"template":"","format":"standard","meta":{"_bbp_topic_count":0,"_bbp_reply_count":0,"_bbp_total_topic_count":0,"_bbp_total_reply_count":0,"_bbp_voice_count":0,"_bbp_anonymous_reply_count":0,"_bbp_topic_count_hidden":0,"_bbp_reply_count_hidden":0,"_bbp_forum_subforum_count":0,"footnotes":""},"categories":[13,4],"tags":[97],"class_list":["post-1340","post","type-post","status-publish","format-standard","hentry","category-4t","category-portada","tag-4t"],"post_mailing_queue_ids":[],"_links":{"self":[{"href":"https:\/\/agora.xtec.cat\/ceip-joan-coret\/wp-json\/wp\/v2\/posts\/1340","targetHints":{"allow":["GET"]}}],"collection":[{"href":"https:\/\/agora.xtec.cat\/ceip-joan-coret\/wp-json\/wp\/v2\/posts"}],"about":[{"href":"https:\/\/agora.xtec.cat\/ceip-joan-coret\/wp-json\/wp\/v2\/types\/post"}],"author":[{"embeddable":true,"href":"https:\/\/agora.xtec.cat\/ceip-joan-coret\/wp-json\/wp\/v2\/users\/2"}],"replies":[{"embeddable":true,"href":"https:\/\/agora.xtec.cat\/ceip-joan-coret\/wp-json\/wp\/v2\/comments?post=1340"}],"version-history":[{"count":2,"href":"https:\/\/agora.xtec.cat\/ceip-joan-coret\/wp-json\/wp\/v2\/posts\/1340\/revisions"}],"predecessor-version":[{"id":1349,"href":"https:\/\/agora.xtec.cat\/ceip-joan-coret\/wp-json\/wp\/v2\/posts\/1340\/revisions\/1349"}],"wp:attachment":[{"href":"https:\/\/agora.xtec.cat\/ceip-joan-coret\/wp-json\/wp\/v2\/media?parent=1340"}],"wp:term":[{"taxonomy":"category","embeddable":true,"href":"https:\/\/agora.xtec.cat\/ceip-joan-coret\/wp-json\/wp\/v2\/categories?post=1340"},{"taxonomy":"post_tag","embeddable":true,"href":"https:\/\/agora.xtec.cat\/ceip-joan-coret\/wp-json\/wp\/v2\/tags?post=1340"}],"curies":[{"name":"wp","href":"https:\/\/api.w.org\/{rel}","templated":true}]}}