{"id":1300,"date":"2018-04-24T09:27:38","date_gmt":"2018-04-24T07:27:38","guid":{"rendered":"http:\/\/agora.xtec.cat\/ceip-joan-coret\/?p=1300"},"modified":"2018-04-24T09:27:38","modified_gmt":"2018-04-24T07:27:38","slug":"p-4-activitats-setmana-cultural","status":"publish","type":"post","link":"https:\/\/agora.xtec.cat\/ceip-joan-coret\/general\/p-4-activitats-setmana-cultural\/","title":{"rendered":"P-4 Activitats Setmana Cultural"},"content":{"rendered":"<p>Despr\u00e9s de les fotos del b\u00e0squet que vam penjar amb anterioritat, ja tenim aqu\u00ed tot un recull de fotos de les Activitats que vam fer a la Setmana Cultural. Des de fer m\u00fasica amb ampolles d&#8217;An\u00eds del Mono, fer grafismes a la sorra, crear un mosaic i pintar el Dimoni, aquestes s\u00f3n les activitats recollides en el seg\u00fcent enlla\u00e7:<\/p>\n<p><a href=\"https:\/\/photos.app.goo.gl\/UwQ8WBBLFAZeNPOm1\" target=\"_blank\" rel=\"noopener noreferrer\">https:\/\/photos.app.goo.gl\/UwQ8WBBLFAZeNPOm1<\/a><\/p>\n<p>&nbsp;<\/p>\n","protected":false},"excerpt":{"rendered":"<p>Despr\u00e9s de les fotos del b\u00e0squet que vam penjar amb anterioritat, ja tenim aqu\u00ed tot un recull de fotos de les Activitats que vam fer a la Setmana Cultural. Des de fer m\u00fasica amb ampolles d&#8217;An\u00eds del Mono, fer grafismes a la sorra, crear un&hellip;  <a href=\"https:\/\/agora.xtec.cat\/ceip-joan-coret\/general\/p-4-activitats-setmana-cultural\/\" title=\"Read P-4 Activitats Setmana Cultural\">Llegeix m\u00e9s\u00bb<\/a><\/p>\n","protected":false},"author":3,"featured_media":0,"comment_status":"open","ping_status":"closed","sticky":false,"template":"","format":"standard","meta":{"_bbp_topic_count":0,"_bbp_reply_count":0,"_bbp_total_topic_count":0,"_bbp_total_reply_count":0,"_bbp_voice_count":0,"_bbp_anonymous_reply_count":0,"_bbp_topic_count_hidden":0,"_bbp_reply_count_hidden":0,"_bbp_forum_subforum_count":0,"footnotes":""},"categories":[1,8,4],"tags":[90,101],"class_list":["post-1300","post","type-post","status-publish","format-standard","hentry","category-general","category-i4","category-portada","tag-p4","tag-setmana-cultural"],"post_mailing_queue_ids":[],"_links":{"self":[{"href":"https:\/\/agora.xtec.cat\/ceip-joan-coret\/wp-json\/wp\/v2\/posts\/1300","targetHints":{"allow":["GET"]}}],"collection":[{"href":"https:\/\/agora.xtec.cat\/ceip-joan-coret\/wp-json\/wp\/v2\/posts"}],"about":[{"href":"https:\/\/agora.xtec.cat\/ceip-joan-coret\/wp-json\/wp\/v2\/types\/post"}],"author":[{"embeddable":true,"href":"https:\/\/agora.xtec.cat\/ceip-joan-coret\/wp-json\/wp\/v2\/users\/3"}],"replies":[{"embeddable":true,"href":"https:\/\/agora.xtec.cat\/ceip-joan-coret\/wp-json\/wp\/v2\/comments?post=1300"}],"version-history":[{"count":2,"href":"https:\/\/agora.xtec.cat\/ceip-joan-coret\/wp-json\/wp\/v2\/posts\/1300\/revisions"}],"predecessor-version":[{"id":1302,"href":"https:\/\/agora.xtec.cat\/ceip-joan-coret\/wp-json\/wp\/v2\/posts\/1300\/revisions\/1302"}],"wp:attachment":[{"href":"https:\/\/agora.xtec.cat\/ceip-joan-coret\/wp-json\/wp\/v2\/media?parent=1300"}],"wp:term":[{"taxonomy":"category","embeddable":true,"href":"https:\/\/agora.xtec.cat\/ceip-joan-coret\/wp-json\/wp\/v2\/categories?post=1300"},{"taxonomy":"post_tag","embeddable":true,"href":"https:\/\/agora.xtec.cat\/ceip-joan-coret\/wp-json\/wp\/v2\/tags?post=1300"}],"curies":[{"name":"wp","href":"https:\/\/api.w.org\/{rel}","templated":true}]}}