{"id":1298,"date":"2018-04-23T15:41:55","date_gmt":"2018-04-23T13:41:55","guid":{"rendered":"http:\/\/agora.xtec.cat\/ceip-joan-coret\/?p=1298"},"modified":"2018-04-23T15:41:55","modified_gmt":"2018-04-23T13:41:55","slug":"p-4-fem-basquet","status":"publish","type":"post","link":"https:\/\/agora.xtec.cat\/ceip-joan-coret\/portada\/p-4-fem-basquet\/","title":{"rendered":"P-4 &#8220;Fem b\u00e0squet&#8221;"},"content":{"rendered":"<p>A la Setmana Cultural els nens i nenes de P-4 van fer una activitat orientada al B\u00e0squet. Ens ho vam passar d&#8217;all\u00f2 m\u00e9s b\u00e9 i qui sap si tenim entre nosaltres un Pau Gassol o una Amaya Valdemoro. Aix\u00f2 ja ho dir\u00e0 el temps per\u00f2 per ara Gaudim amb els primers llen\u00e7aments dins el B\u00e0squet!<\/p>\n<p><a href=\"https:\/\/photos.app.goo.gl\/How32vlA3fNYgC4I2\" target=\"_blank\" rel=\"noopener noreferrer\">https:\/\/photos.app.goo.gl\/How32vlA3fNYgC4I2<\/a><\/p>\n","protected":false},"excerpt":{"rendered":"<p>A la Setmana Cultural els nens i nenes de P-4 van fer una activitat orientada al B\u00e0squet. Ens ho vam passar d&#8217;all\u00f2 m\u00e9s b\u00e9 i qui sap si tenim entre nosaltres un Pau Gassol o una Amaya Valdemoro. Aix\u00f2 ja ho dir\u00e0 el temps per\u00f2&hellip;  <a href=\"https:\/\/agora.xtec.cat\/ceip-joan-coret\/portada\/p-4-fem-basquet\/\" title=\"Read P-4 &#8220;Fem b\u00e0squet&#8221;\">Llegeix m\u00e9s\u00bb<\/a><\/p>\n","protected":false},"author":3,"featured_media":0,"comment_status":"open","ping_status":"closed","sticky":false,"template":"","format":"standard","meta":{"_bbp_topic_count":0,"_bbp_reply_count":0,"_bbp_total_topic_count":0,"_bbp_total_reply_count":0,"_bbp_voice_count":0,"_bbp_anonymous_reply_count":0,"_bbp_topic_count_hidden":0,"_bbp_reply_count_hidden":0,"_bbp_forum_subforum_count":0,"footnotes":""},"categories":[8,4],"tags":[90],"class_list":["post-1298","post","type-post","status-publish","format-standard","hentry","category-i4","category-portada","tag-p4"],"post_mailing_queue_ids":[],"_links":{"self":[{"href":"https:\/\/agora.xtec.cat\/ceip-joan-coret\/wp-json\/wp\/v2\/posts\/1298","targetHints":{"allow":["GET"]}}],"collection":[{"href":"https:\/\/agora.xtec.cat\/ceip-joan-coret\/wp-json\/wp\/v2\/posts"}],"about":[{"href":"https:\/\/agora.xtec.cat\/ceip-joan-coret\/wp-json\/wp\/v2\/types\/post"}],"author":[{"embeddable":true,"href":"https:\/\/agora.xtec.cat\/ceip-joan-coret\/wp-json\/wp\/v2\/users\/3"}],"replies":[{"embeddable":true,"href":"https:\/\/agora.xtec.cat\/ceip-joan-coret\/wp-json\/wp\/v2\/comments?post=1298"}],"version-history":[{"count":1,"href":"https:\/\/agora.xtec.cat\/ceip-joan-coret\/wp-json\/wp\/v2\/posts\/1298\/revisions"}],"predecessor-version":[{"id":1299,"href":"https:\/\/agora.xtec.cat\/ceip-joan-coret\/wp-json\/wp\/v2\/posts\/1298\/revisions\/1299"}],"wp:attachment":[{"href":"https:\/\/agora.xtec.cat\/ceip-joan-coret\/wp-json\/wp\/v2\/media?parent=1298"}],"wp:term":[{"taxonomy":"category","embeddable":true,"href":"https:\/\/agora.xtec.cat\/ceip-joan-coret\/wp-json\/wp\/v2\/categories?post=1298"},{"taxonomy":"post_tag","embeddable":true,"href":"https:\/\/agora.xtec.cat\/ceip-joan-coret\/wp-json\/wp\/v2\/tags?post=1298"}],"curies":[{"name":"wp","href":"https:\/\/api.w.org\/{rel}","templated":true}]}}