{"id":1296,"date":"2018-04-23T15:32:29","date_gmt":"2018-04-23T13:32:29","guid":{"rendered":"http:\/\/agora.xtec.cat\/ceip-joan-coret\/?p=1296"},"modified":"2018-04-23T15:32:29","modified_gmt":"2018-04-23T13:32:29","slug":"sant-jordi-ed-infantil-i-cicle-mitja","status":"publish","type":"post","link":"https:\/\/agora.xtec.cat\/ceip-joan-coret\/infantil\/i3\/sant-jordi-ed-infantil-i-cicle-mitja\/","title":{"rendered":"Sant Jordi Ed. Infantil i Cicle Mitj\u00e0"},"content":{"rendered":"<p>Avui per a celebrar la diada de Sant Jordi, els nens i les nenes de Cicle Mitj\u00e0 han anat a fer de padrins lectors a l&#8217;alumnat d&#8217;Educaci\u00f3 Infantil. Ha estat un mat\u00ed molt divertit i han pogut gaudir d&#8217;un dia de Sant Jordi molt interessant.<\/p>\n<p><a href=\"https:\/\/photos.app.goo.gl\/O6Q0GTZ1nQcjMCGg1\" target=\"_blank\" rel=\"noopener noreferrer\">https:\/\/photos.app.goo.gl\/O6Q0GTZ1nQcjMCGg1<\/a><\/p>\n","protected":false},"excerpt":{"rendered":"<p>Avui per a celebrar la diada de Sant Jordi, els nens i les nenes de Cicle Mitj\u00e0 han anat a fer de padrins lectors a l&#8217;alumnat d&#8217;Educaci\u00f3 Infantil. Ha estat un mat\u00ed molt divertit i han pogut gaudir d&#8217;un dia de Sant Jordi molt interessant.<br \/>\n<a&hellip;  <a href=\"https:\/\/agora.xtec.cat\/ceip-joan-coret\/infantil\/i3\/sant-jordi-ed-infantil-i-cicle-mitja\/\" title=\"Read Sant Jordi Ed. Infantil i Cicle Mitj\u00e0\">Llegeix m\u00e9s\u00bb<\/a><\/p>\n","protected":false},"author":3,"featured_media":0,"comment_status":"open","ping_status":"closed","sticky":false,"template":"","format":"standard","meta":{"_bbp_topic_count":0,"_bbp_reply_count":0,"_bbp_total_topic_count":0,"_bbp_total_reply_count":0,"_bbp_voice_count":0,"_bbp_anonymous_reply_count":0,"_bbp_topic_count_hidden":0,"_bbp_reply_count_hidden":0,"_bbp_forum_subforum_count":0,"footnotes":""},"categories":[12,13,3,8,9,4],"tags":[72,97,109],"class_list":["post-1296","post","type-post","status-publish","format-standard","hentry","category-3r","category-4t","category-i3","category-i4","category-i5","category-portada","tag-3r","tag-4t","tag-padrins-lectors"],"post_mailing_queue_ids":[],"_links":{"self":[{"href":"https:\/\/agora.xtec.cat\/ceip-joan-coret\/wp-json\/wp\/v2\/posts\/1296","targetHints":{"allow":["GET"]}}],"collection":[{"href":"https:\/\/agora.xtec.cat\/ceip-joan-coret\/wp-json\/wp\/v2\/posts"}],"about":[{"href":"https:\/\/agora.xtec.cat\/ceip-joan-coret\/wp-json\/wp\/v2\/types\/post"}],"author":[{"embeddable":true,"href":"https:\/\/agora.xtec.cat\/ceip-joan-coret\/wp-json\/wp\/v2\/users\/3"}],"replies":[{"embeddable":true,"href":"https:\/\/agora.xtec.cat\/ceip-joan-coret\/wp-json\/wp\/v2\/comments?post=1296"}],"version-history":[{"count":1,"href":"https:\/\/agora.xtec.cat\/ceip-joan-coret\/wp-json\/wp\/v2\/posts\/1296\/revisions"}],"predecessor-version":[{"id":1297,"href":"https:\/\/agora.xtec.cat\/ceip-joan-coret\/wp-json\/wp\/v2\/posts\/1296\/revisions\/1297"}],"wp:attachment":[{"href":"https:\/\/agora.xtec.cat\/ceip-joan-coret\/wp-json\/wp\/v2\/media?parent=1296"}],"wp:term":[{"taxonomy":"category","embeddable":true,"href":"https:\/\/agora.xtec.cat\/ceip-joan-coret\/wp-json\/wp\/v2\/categories?post=1296"},{"taxonomy":"post_tag","embeddable":true,"href":"https:\/\/agora.xtec.cat\/ceip-joan-coret\/wp-json\/wp\/v2\/tags?post=1296"}],"curies":[{"name":"wp","href":"https:\/\/api.w.org\/{rel}","templated":true}]}}