{"id":1276,"date":"2018-04-23T10:49:34","date_gmt":"2018-04-23T08:49:34","guid":{"rendered":"http:\/\/agora.xtec.cat\/ceip-joan-coret\/?p=1276"},"modified":"2018-04-23T10:49:34","modified_gmt":"2018-04-23T08:49:34","slug":"guardia-urbana-4t","status":"publish","type":"post","link":"https:\/\/agora.xtec.cat\/ceip-joan-coret\/portada\/guardia-urbana-4t\/","title":{"rendered":"Gu\u00e0rdia Urbana 4t"},"content":{"rendered":"<p>A 4t vam tenir una visita d&#8217;all\u00f2 m\u00e9s interessant: Va venir la Gu\u00e0rdia Urbana. Va estar una xerrada molt interessant. Aqu\u00ed hi teniu les fotos:<\/p>\n<p><a href=\"https:\/\/photos.app.goo.gl\/FbtcikUNxUMeVasD2\" target=\"_blank\" rel=\"noopener noreferrer\">https:\/\/photos.app.goo.gl\/FbtcikUNxUMeVasD2<\/a><\/p>\n","protected":false},"excerpt":{"rendered":"<p>A 4t vam tenir una visita d&#8217;all\u00f2 m\u00e9s interessant: Va venir la Gu\u00e0rdia Urbana. Va estar una xerrada molt interessant. Aqu\u00ed hi teniu les fotos:<br \/>\n<a href=\"https:\/\/photos.app.goo.gl\/FbtcikUNxUMeVasD2\" target=\"_blank\" rel=\"noopener noreferrer\">https:\/\/photos.app.goo.gl\/FbtcikUNxUMeVasD2<\/a><\/p>\n","protected":false},"author":3,"featured_media":0,"comment_status":"open","ping_status":"closed","sticky":false,"template":"","format":"standard","meta":{"_bbp_topic_count":0,"_bbp_reply_count":0,"_bbp_total_topic_count":0,"_bbp_total_reply_count":0,"_bbp_voice_count":0,"_bbp_anonymous_reply_count":0,"_bbp_topic_count_hidden":0,"_bbp_reply_count_hidden":0,"_bbp_forum_subforum_count":0,"footnotes":""},"categories":[13,4],"tags":[97,106],"class_list":["post-1276","post","type-post","status-publish","format-standard","hentry","category-4t","category-portada","tag-4t","tag-guardia-urbana"],"post_mailing_queue_ids":[],"_links":{"self":[{"href":"https:\/\/agora.xtec.cat\/ceip-joan-coret\/wp-json\/wp\/v2\/posts\/1276","targetHints":{"allow":["GET"]}}],"collection":[{"href":"https:\/\/agora.xtec.cat\/ceip-joan-coret\/wp-json\/wp\/v2\/posts"}],"about":[{"href":"https:\/\/agora.xtec.cat\/ceip-joan-coret\/wp-json\/wp\/v2\/types\/post"}],"author":[{"embeddable":true,"href":"https:\/\/agora.xtec.cat\/ceip-joan-coret\/wp-json\/wp\/v2\/users\/3"}],"replies":[{"embeddable":true,"href":"https:\/\/agora.xtec.cat\/ceip-joan-coret\/wp-json\/wp\/v2\/comments?post=1276"}],"version-history":[{"count":1,"href":"https:\/\/agora.xtec.cat\/ceip-joan-coret\/wp-json\/wp\/v2\/posts\/1276\/revisions"}],"predecessor-version":[{"id":1277,"href":"https:\/\/agora.xtec.cat\/ceip-joan-coret\/wp-json\/wp\/v2\/posts\/1276\/revisions\/1277"}],"wp:attachment":[{"href":"https:\/\/agora.xtec.cat\/ceip-joan-coret\/wp-json\/wp\/v2\/media?parent=1276"}],"wp:term":[{"taxonomy":"category","embeddable":true,"href":"https:\/\/agora.xtec.cat\/ceip-joan-coret\/wp-json\/wp\/v2\/categories?post=1276"},{"taxonomy":"post_tag","embeddable":true,"href":"https:\/\/agora.xtec.cat\/ceip-joan-coret\/wp-json\/wp\/v2\/tags?post=1276"}],"curies":[{"name":"wp","href":"https:\/\/api.w.org\/{rel}","templated":true}]}}