{"id":1260,"date":"2018-04-23T09:35:51","date_gmt":"2018-04-23T07:35:51","guid":{"rendered":"http:\/\/agora.xtec.cat\/ceip-joan-coret\/?p=1260"},"modified":"2018-04-23T09:37:49","modified_gmt":"2018-04-23T07:37:49","slug":"cinderella-2n","status":"publish","type":"post","link":"https:\/\/agora.xtec.cat\/ceip-joan-coret\/portada\/cinderella-2n\/","title":{"rendered":"Cinderella 2n"},"content":{"rendered":"<p>Els nens i nenes de 2n curs hem anat al C\u00edrcol Cat\u00f2lic a veure la representaci\u00f3 en angl\u00e8s de Cinderella. Ens ho vam passar molt b\u00e9 i vam gaudir molts amb les actrius i els actors que van sortir i tamb\u00e9 amb els i les que van &#8220;convidar&#8221; a pujar i formar part del repartiment.<\/p>\n<p><a href=\"https:\/\/photos.app.goo.gl\/6gBP8rowI70sr0s72\" target=\"_blank\" rel=\"noopener noreferrer\">https:\/\/photos.app.goo.gl\/6gBP8rowI70sr0s72<\/a><\/p>\n<p><a href=\"http:\/\/agora.xtec.cat\/ceip-joan-coret\/wp-content\/uploads\/usu1194\/2018\/04\/IMG_3024.jpg\"><img loading=\"lazy\" decoding=\"async\" class=\"alignnone size-thumbnail wp-image-1263\" src=\"http:\/\/agora.xtec.cat\/ceip-joan-coret\/wp-content\/uploads\/usu1194\/2018\/04\/IMG_3024-150x150.jpg\" alt=\"\" width=\"150\" height=\"150\" \/><\/a> <a href=\"http:\/\/agora.xtec.cat\/ceip-joan-coret\/wp-content\/uploads\/usu1194\/2018\/04\/IMG_3029.jpg\"><img loading=\"lazy\" decoding=\"async\" class=\"alignnone size-thumbnail wp-image-1264\" src=\"http:\/\/agora.xtec.cat\/ceip-joan-coret\/wp-content\/uploads\/usu1194\/2018\/04\/IMG_3029-150x150.jpg\" alt=\"\" width=\"150\" height=\"150\" \/><\/a><\/p>\n","protected":false},"excerpt":{"rendered":"<p>Els nens i nenes de 2n curs hem anat al C\u00edrcol Cat\u00f2lic a veure la representaci\u00f3 en angl\u00e8s de Cinderella. Ens ho vam passar molt b\u00e9 i vam gaudir molts amb les actrius i els actors que van sortir i tamb\u00e9 amb els i les&hellip;  <a href=\"https:\/\/agora.xtec.cat\/ceip-joan-coret\/portada\/cinderella-2n\/\" title=\"Read Cinderella 2n\">Llegeix m\u00e9s\u00bb<\/a><\/p>\n","protected":false},"author":3,"featured_media":0,"comment_status":"open","ping_status":"closed","sticky":false,"template":"","format":"standard","meta":{"_bbp_topic_count":0,"_bbp_reply_count":0,"_bbp_total_topic_count":0,"_bbp_total_reply_count":0,"_bbp_voice_count":0,"_bbp_anonymous_reply_count":0,"_bbp_topic_count_hidden":0,"_bbp_reply_count_hidden":0,"_bbp_forum_subforum_count":0,"footnotes":""},"categories":[11,4],"tags":[94],"class_list":["post-1260","post","type-post","status-publish","format-standard","hentry","category-2n","category-portada","tag-2n"],"post_mailing_queue_ids":[],"_links":{"self":[{"href":"https:\/\/agora.xtec.cat\/ceip-joan-coret\/wp-json\/wp\/v2\/posts\/1260","targetHints":{"allow":["GET"]}}],"collection":[{"href":"https:\/\/agora.xtec.cat\/ceip-joan-coret\/wp-json\/wp\/v2\/posts"}],"about":[{"href":"https:\/\/agora.xtec.cat\/ceip-joan-coret\/wp-json\/wp\/v2\/types\/post"}],"author":[{"embeddable":true,"href":"https:\/\/agora.xtec.cat\/ceip-joan-coret\/wp-json\/wp\/v2\/users\/3"}],"replies":[{"embeddable":true,"href":"https:\/\/agora.xtec.cat\/ceip-joan-coret\/wp-json\/wp\/v2\/comments?post=1260"}],"version-history":[{"count":3,"href":"https:\/\/agora.xtec.cat\/ceip-joan-coret\/wp-json\/wp\/v2\/posts\/1260\/revisions"}],"predecessor-version":[{"id":1265,"href":"https:\/\/agora.xtec.cat\/ceip-joan-coret\/wp-json\/wp\/v2\/posts\/1260\/revisions\/1265"}],"wp:attachment":[{"href":"https:\/\/agora.xtec.cat\/ceip-joan-coret\/wp-json\/wp\/v2\/media?parent=1260"}],"wp:term":[{"taxonomy":"category","embeddable":true,"href":"https:\/\/agora.xtec.cat\/ceip-joan-coret\/wp-json\/wp\/v2\/categories?post=1260"},{"taxonomy":"post_tag","embeddable":true,"href":"https:\/\/agora.xtec.cat\/ceip-joan-coret\/wp-json\/wp\/v2\/tags?post=1260"}],"curies":[{"name":"wp","href":"https:\/\/api.w.org\/{rel}","templated":true}]}}