{"id":1250,"date":"2018-04-18T21:00:30","date_gmt":"2018-04-18T19:00:30","guid":{"rendered":"http:\/\/agora.xtec.cat\/ceip-joan-coret\/?p=1250"},"modified":"2018-04-18T21:18:54","modified_gmt":"2018-04-18T19:18:54","slug":"robotica","status":"publish","type":"post","link":"https:\/\/agora.xtec.cat\/ceip-joan-coret\/portada\/robotica\/","title":{"rendered":"Rob\u00f2tica"},"content":{"rendered":"<p>Aquest curs hem comen\u00e7at un taller de Rob\u00f2tica amb els i les alumnes de 4t, 5\u00e8 i 6\u00e8. Aqu\u00ed teniu un parell d&#8217;exemples dels treballs que hem aconseguit.<\/p>\n<p><a href=\"http:\/\/agora.xtec.cat\/ceip-joan-coret\/wp-content\/uploads\/usu1194\/2018\/04\/videotogif_2018.04.05_17.36.20.gif\"><iframe loading=\"lazy\" src=\"\/\/www.youtube.com\/embed\/aJa7L8wDieY\" width=\"350\" height=\"196\" allowfullscreen=\"allowfullscreen\"><\/iframe><iframe loading=\"lazy\" src=\"\/\/www.youtube.com\/embed\/EBVEy0cBWCc\" width=\"350\" height=\"196\" allowfullscreen=\"allowfullscreen\"><\/iframe><br \/>\n<\/a><\/p>\n","protected":false},"excerpt":{"rendered":"<p>Aquest curs hem comen\u00e7at un taller de Rob\u00f2tica amb els i les alumnes de 4t, 5\u00e8 i 6\u00e8. Aqu\u00ed teniu un parell d&#8217;exemples dels treballs que hem aconseguit.<br \/>\n<a href=\"http:\/\/agora.xtec.cat\/ceip-joan-coret\/wp-content\/uploads\/usu1194\/2018\/04\/videotogif_2018.04.05_17.36.20.gif\"><br \/>\n<\/a><\/p>\n","protected":false},"author":3,"featured_media":1253,"comment_status":"open","ping_status":"closed","sticky":false,"template":"","format":"standard","meta":{"_bbp_topic_count":0,"_bbp_reply_count":0,"_bbp_total_topic_count":0,"_bbp_total_reply_count":0,"_bbp_voice_count":0,"_bbp_anonymous_reply_count":0,"_bbp_topic_count_hidden":0,"_bbp_reply_count_hidden":0,"_bbp_forum_subforum_count":0,"footnotes":""},"categories":[13,14,15,4],"tags":[97,68,65,103],"class_list":["post-1250","post","type-post","status-publish","format-standard","has-post-thumbnail","hentry","category-4t","category-5e","category-6e","category-portada","tag-4t","tag-5e","tag-6e","tag-tallers"],"post_mailing_queue_ids":[],"_links":{"self":[{"href":"https:\/\/agora.xtec.cat\/ceip-joan-coret\/wp-json\/wp\/v2\/posts\/1250","targetHints":{"allow":["GET"]}}],"collection":[{"href":"https:\/\/agora.xtec.cat\/ceip-joan-coret\/wp-json\/wp\/v2\/posts"}],"about":[{"href":"https:\/\/agora.xtec.cat\/ceip-joan-coret\/wp-json\/wp\/v2\/types\/post"}],"author":[{"embeddable":true,"href":"https:\/\/agora.xtec.cat\/ceip-joan-coret\/wp-json\/wp\/v2\/users\/3"}],"replies":[{"embeddable":true,"href":"https:\/\/agora.xtec.cat\/ceip-joan-coret\/wp-json\/wp\/v2\/comments?post=1250"}],"version-history":[{"count":3,"href":"https:\/\/agora.xtec.cat\/ceip-joan-coret\/wp-json\/wp\/v2\/posts\/1250\/revisions"}],"predecessor-version":[{"id":1257,"href":"https:\/\/agora.xtec.cat\/ceip-joan-coret\/wp-json\/wp\/v2\/posts\/1250\/revisions\/1257"}],"wp:featuredmedia":[{"embeddable":true,"href":"https:\/\/agora.xtec.cat\/ceip-joan-coret\/wp-json\/wp\/v2\/media\/1253"}],"wp:attachment":[{"href":"https:\/\/agora.xtec.cat\/ceip-joan-coret\/wp-json\/wp\/v2\/media?parent=1250"}],"wp:term":[{"taxonomy":"category","embeddable":true,"href":"https:\/\/agora.xtec.cat\/ceip-joan-coret\/wp-json\/wp\/v2\/categories?post=1250"},{"taxonomy":"post_tag","embeddable":true,"href":"https:\/\/agora.xtec.cat\/ceip-joan-coret\/wp-json\/wp\/v2\/tags?post=1250"}],"curies":[{"name":"wp","href":"https:\/\/api.w.org\/{rel}","templated":true}]}}