{"id":1246,"date":"2018-04-18T20:36:35","date_gmt":"2018-04-18T18:36:35","guid":{"rendered":"http:\/\/agora.xtec.cat\/ceip-joan-coret\/?p=1246"},"modified":"2018-04-18T20:39:08","modified_gmt":"2018-04-18T18:39:08","slug":"lligueta-del-besos","status":"publish","type":"post","link":"https:\/\/agora.xtec.cat\/ceip-joan-coret\/portada\/lligueta-del-besos\/","title":{"rendered":"Lligueta del Bes\u00f2s"},"content":{"rendered":"<p>Aquest any els nens i nenes de 6\u00e8 han jugat la lligueta del Bes\u00f2s. Han participat les dues classes i han practicat el Colpbol, un esport nou i molt emocionant. La jornada final es va desenvolupar al Pavell\u00f3 de la Colina. Aqu\u00ed tenim les fotos d&#8217;aquest \u00faltim dia!<\/p>\n<p><a href=\"https:\/\/photos.app.goo.gl\/T8w3K81yqMx6K6NA3\" target=\"_blank\" rel=\"noopener noreferrer\">https:\/\/photos.app.goo.gl\/T8w3K81yqMx6K6NA3<\/a><\/p>\n<p><a href=\"http:\/\/agora.xtec.cat\/ceip-joan-coret\/wp-content\/uploads\/usu1194\/2018\/04\/IMG_20180412_124016.jpg\"><img loading=\"lazy\" decoding=\"async\" class=\"size-thumbnail wp-image-1248\" src=\"http:\/\/agora.xtec.cat\/ceip-joan-coret\/wp-content\/uploads\/usu1194\/2018\/04\/IMG_20180412_124016-150x150.jpg\" alt=\"\" width=\"150\" height=\"150\" \/><\/a><\/p>\n","protected":false},"excerpt":{"rendered":"<p>Aquest any els nens i nenes de 6\u00e8 han jugat la lligueta del Bes\u00f2s. Han participat les dues classes i han practicat el Colpbol, un esport nou i molt emocionant. La jornada final es va desenvolupar al Pavell\u00f3 de la Colina. Aqu\u00ed tenim les fotos&hellip;  <a href=\"https:\/\/agora.xtec.cat\/ceip-joan-coret\/portada\/lligueta-del-besos\/\" title=\"Read Lligueta del Bes\u00f2s\">Llegeix m\u00e9s\u00bb<\/a><\/p>\n","protected":false},"author":3,"featured_media":0,"comment_status":"open","ping_status":"closed","sticky":false,"template":"","format":"standard","meta":{"_bbp_topic_count":0,"_bbp_reply_count":0,"_bbp_total_topic_count":0,"_bbp_total_reply_count":0,"_bbp_voice_count":0,"_bbp_anonymous_reply_count":0,"_bbp_topic_count_hidden":0,"_bbp_reply_count_hidden":0,"_bbp_forum_subforum_count":0,"footnotes":""},"categories":[15,4],"tags":[],"class_list":["post-1246","post","type-post","status-publish","format-standard","hentry","category-6e","category-portada"],"post_mailing_queue_ids":[],"_links":{"self":[{"href":"https:\/\/agora.xtec.cat\/ceip-joan-coret\/wp-json\/wp\/v2\/posts\/1246","targetHints":{"allow":["GET"]}}],"collection":[{"href":"https:\/\/agora.xtec.cat\/ceip-joan-coret\/wp-json\/wp\/v2\/posts"}],"about":[{"href":"https:\/\/agora.xtec.cat\/ceip-joan-coret\/wp-json\/wp\/v2\/types\/post"}],"author":[{"embeddable":true,"href":"https:\/\/agora.xtec.cat\/ceip-joan-coret\/wp-json\/wp\/v2\/users\/3"}],"replies":[{"embeddable":true,"href":"https:\/\/agora.xtec.cat\/ceip-joan-coret\/wp-json\/wp\/v2\/comments?post=1246"}],"version-history":[{"count":2,"href":"https:\/\/agora.xtec.cat\/ceip-joan-coret\/wp-json\/wp\/v2\/posts\/1246\/revisions"}],"predecessor-version":[{"id":1249,"href":"https:\/\/agora.xtec.cat\/ceip-joan-coret\/wp-json\/wp\/v2\/posts\/1246\/revisions\/1249"}],"wp:attachment":[{"href":"https:\/\/agora.xtec.cat\/ceip-joan-coret\/wp-json\/wp\/v2\/media?parent=1246"}],"wp:term":[{"taxonomy":"category","embeddable":true,"href":"https:\/\/agora.xtec.cat\/ceip-joan-coret\/wp-json\/wp\/v2\/categories?post=1246"},{"taxonomy":"post_tag","embeddable":true,"href":"https:\/\/agora.xtec.cat\/ceip-joan-coret\/wp-json\/wp\/v2\/tags?post=1246"}],"curies":[{"name":"wp","href":"https:\/\/api.w.org\/{rel}","templated":true}]}}