{"id":1239,"date":"2018-04-13T14:07:18","date_gmt":"2018-04-13T12:07:18","guid":{"rendered":"http:\/\/agora.xtec.cat\/ceip-joan-coret\/?p=1239"},"modified":"2018-04-23T09:25:33","modified_gmt":"2018-04-23T07:25:33","slug":"pintorses-rupestres","status":"publish","type":"post","link":"https:\/\/agora.xtec.cat\/ceip-joan-coret\/portada\/pintorses-rupestres\/","title":{"rendered":"Pintors\/es rupestres"},"content":{"rendered":"<p>A 5\u00e8 estem treballant les primesres etapes hist\u00f2riques i hem comen\u00e7at per la Prehist\u00f2ria. Aix\u00ed, hem realitzat una activitat en la que ens hem convertit en pintors i pintores del Paleol\u00edtic.<\/p>\n<p>Mireu que b\u00e9 ens ho hem passat!<\/p>\n<p><a href=\"https:\/\/photos.app.goo.gl\/nZNQi14GQL6D6yGm1\" target=\"_blank\" rel=\"noopener noreferrer\">https:\/\/photos.app.goo.gl\/nZNQi14GQL6D6yGm1<\/a><\/p>\n","protected":false},"excerpt":{"rendered":"<p>A 5\u00e8 estem treballant les primesres etapes hist\u00f2riques i hem comen\u00e7at per la Prehist\u00f2ria. Aix\u00ed, hem realitzat una activitat en la que ens hem convertit en pintors i pintores del Paleol\u00edtic.<br \/>\nMireu que b\u00e9 ens ho hem passat!<br \/>\n<a href=\"https:\/\/photos.app.goo.gl\/nZNQi14GQL6D6yGm1\" target=\"_blank\" rel=\"noopener noreferrer\">https:\/\/photos.app.goo.gl\/nZNQi14GQL6D6yGm1<\/a><\/p>\n","protected":false},"author":2,"featured_media":0,"comment_status":"open","ping_status":"closed","sticky":false,"template":"","format":"standard","meta":{"_bbp_topic_count":0,"_bbp_reply_count":0,"_bbp_total_topic_count":0,"_bbp_total_reply_count":0,"_bbp_voice_count":0,"_bbp_anonymous_reply_count":0,"_bbp_topic_count_hidden":0,"_bbp_reply_count_hidden":0,"_bbp_forum_subforum_count":0,"footnotes":""},"categories":[14,4],"tags":[68],"class_list":["post-1239","post","type-post","status-publish","format-standard","hentry","category-5e","category-portada","tag-5e"],"post_mailing_queue_ids":[],"_links":{"self":[{"href":"https:\/\/agora.xtec.cat\/ceip-joan-coret\/wp-json\/wp\/v2\/posts\/1239","targetHints":{"allow":["GET"]}}],"collection":[{"href":"https:\/\/agora.xtec.cat\/ceip-joan-coret\/wp-json\/wp\/v2\/posts"}],"about":[{"href":"https:\/\/agora.xtec.cat\/ceip-joan-coret\/wp-json\/wp\/v2\/types\/post"}],"author":[{"embeddable":true,"href":"https:\/\/agora.xtec.cat\/ceip-joan-coret\/wp-json\/wp\/v2\/users\/2"}],"replies":[{"embeddable":true,"href":"https:\/\/agora.xtec.cat\/ceip-joan-coret\/wp-json\/wp\/v2\/comments?post=1239"}],"version-history":[{"count":2,"href":"https:\/\/agora.xtec.cat\/ceip-joan-coret\/wp-json\/wp\/v2\/posts\/1239\/revisions"}],"predecessor-version":[{"id":1258,"href":"https:\/\/agora.xtec.cat\/ceip-joan-coret\/wp-json\/wp\/v2\/posts\/1239\/revisions\/1258"}],"wp:attachment":[{"href":"https:\/\/agora.xtec.cat\/ceip-joan-coret\/wp-json\/wp\/v2\/media?parent=1239"}],"wp:term":[{"taxonomy":"category","embeddable":true,"href":"https:\/\/agora.xtec.cat\/ceip-joan-coret\/wp-json\/wp\/v2\/categories?post=1239"},{"taxonomy":"post_tag","embeddable":true,"href":"https:\/\/agora.xtec.cat\/ceip-joan-coret\/wp-json\/wp\/v2\/tags?post=1239"}],"curies":[{"name":"wp","href":"https:\/\/api.w.org\/{rel}","templated":true}]}}