{"id":1237,"date":"2018-04-13T14:01:38","date_gmt":"2018-04-13T12:01:38","guid":{"rendered":"http:\/\/agora.xtec.cat\/ceip-joan-coret\/?p=1237"},"modified":"2018-04-23T09:30:33","modified_gmt":"2018-04-23T07:30:33","slug":"visita-al-museu-dhistoria-de-catalunya","status":"publish","type":"post","link":"https:\/\/agora.xtec.cat\/ceip-joan-coret\/portada\/visita-al-museu-dhistoria-de-catalunya\/","title":{"rendered":"Visita al Museu d&#8217;Hist\u00f2ria de Catalunya"},"content":{"rendered":"<p>El passat divendres dia 6 d&#8217;abril, els i les alumnes de 5\u00e8 vam visitar el Museu d&#8217;Hist\u00f2ria de Catalunya per con\u00e9ixer en profunditat dues etapes hist\u00f2riques que estem estudiant: la Prehist\u00f2ria i l&#8217;Edat Antiga. Aqu\u00ed us deixem un recull de fotos de la sortida.<\/p>\n<p>Esperem que us agradin.<\/p>\n<p><a href=\"https:\/\/photos.app.goo.gl\/KeQI17p7MEKsYqSn2\" target=\"_blank\" rel=\"noopener noreferrer\">https:\/\/photos.app.goo.gl\/KeQI17p7MEKsYqSn2<\/a><\/p>\n","protected":false},"excerpt":{"rendered":"<p>El passat divendres dia 6 d&#8217;abril, els i les alumnes de 5\u00e8 vam visitar el Museu d&#8217;Hist\u00f2ria de Catalunya per con\u00e9ixer en profunditat dues etapes hist\u00f2riques que estem estudiant: la Prehist\u00f2ria i l&#8217;Edat Antiga. Aqu\u00ed us deixem un recull de fotos de la sortida.<br \/>\nEsperem que&hellip;  <a href=\"https:\/\/agora.xtec.cat\/ceip-joan-coret\/portada\/visita-al-museu-dhistoria-de-catalunya\/\" title=\"Read Visita al Museu d&#8217;Hist\u00f2ria de Catalunya\">Llegeix m\u00e9s\u00bb<\/a><\/p>\n","protected":false},"author":2,"featured_media":0,"comment_status":"open","ping_status":"closed","sticky":false,"template":"","format":"standard","meta":{"_bbp_topic_count":0,"_bbp_reply_count":0,"_bbp_total_topic_count":0,"_bbp_total_reply_count":0,"_bbp_voice_count":0,"_bbp_anonymous_reply_count":0,"_bbp_topic_count_hidden":0,"_bbp_reply_count_hidden":0,"_bbp_forum_subforum_count":0,"footnotes":""},"categories":[14,4],"tags":[68],"class_list":["post-1237","post","type-post","status-publish","format-standard","hentry","category-5e","category-portada","tag-5e"],"post_mailing_queue_ids":[],"_links":{"self":[{"href":"https:\/\/agora.xtec.cat\/ceip-joan-coret\/wp-json\/wp\/v2\/posts\/1237","targetHints":{"allow":["GET"]}}],"collection":[{"href":"https:\/\/agora.xtec.cat\/ceip-joan-coret\/wp-json\/wp\/v2\/posts"}],"about":[{"href":"https:\/\/agora.xtec.cat\/ceip-joan-coret\/wp-json\/wp\/v2\/types\/post"}],"author":[{"embeddable":true,"href":"https:\/\/agora.xtec.cat\/ceip-joan-coret\/wp-json\/wp\/v2\/users\/2"}],"replies":[{"embeddable":true,"href":"https:\/\/agora.xtec.cat\/ceip-joan-coret\/wp-json\/wp\/v2\/comments?post=1237"}],"version-history":[{"count":2,"href":"https:\/\/agora.xtec.cat\/ceip-joan-coret\/wp-json\/wp\/v2\/posts\/1237\/revisions"}],"predecessor-version":[{"id":1259,"href":"https:\/\/agora.xtec.cat\/ceip-joan-coret\/wp-json\/wp\/v2\/posts\/1237\/revisions\/1259"}],"wp:attachment":[{"href":"https:\/\/agora.xtec.cat\/ceip-joan-coret\/wp-json\/wp\/v2\/media?parent=1237"}],"wp:term":[{"taxonomy":"category","embeddable":true,"href":"https:\/\/agora.xtec.cat\/ceip-joan-coret\/wp-json\/wp\/v2\/categories?post=1237"},{"taxonomy":"post_tag","embeddable":true,"href":"https:\/\/agora.xtec.cat\/ceip-joan-coret\/wp-json\/wp\/v2\/tags?post=1237"}],"curies":[{"name":"wp","href":"https:\/\/api.w.org\/{rel}","templated":true}]}}