{"id":1218,"date":"2018-04-23T10:53:20","date_gmt":"2018-04-23T08:53:20","guid":{"rendered":"http:\/\/agora.xtec.cat\/ceip-joan-coret\/?p=1218"},"modified":"2018-04-23T10:53:20","modified_gmt":"2018-04-23T08:53:20","slug":"taller-alimentacio","status":"publish","type":"post","link":"https:\/\/agora.xtec.cat\/ceip-joan-coret\/portada\/taller-alimentacio\/","title":{"rendered":"Taller alimentaci\u00f3"},"content":{"rendered":"<p>Els alumnes de 4t vam rebre la visita de les infermeres que ens atenen al CAP i ens van informar de la import\u00e0ncia d&#8217;una bona alimentaci\u00f3 i la quantitat que hav\u00edem d&#8217;ingerir de cada grup d&#8217;aliments (greixos, hidrats de carboni, prote\u00efnes, fibra i l\u00e0ctics).<\/p>\n<p>Va ser molt divertit fer el mural i explicar la nostra dieta ideal!<\/p>\n<p><a href=\"https:\/\/photos.app.goo.gl\/yWDUnXqbOdQXniee2\" target=\"_blank\" rel=\"noopener noreferrer\">https:\/\/photos.app.goo.gl\/yWDUnXqbOdQXniee2<\/a><\/p>\n","protected":false},"excerpt":{"rendered":"<p>Els alumnes de 4t vam rebre la visita de les infermeres que ens atenen al CAP i ens van informar de la import\u00e0ncia d&#8217;una bona alimentaci\u00f3 i la quantitat que hav\u00edem d&#8217;ingerir de cada grup d&#8217;aliments (greixos, hidrats de carboni, prote\u00efnes, fibra i l\u00e0ctics).<br \/>\nVa ser&hellip;  <a href=\"https:\/\/agora.xtec.cat\/ceip-joan-coret\/portada\/taller-alimentacio\/\" title=\"Read Taller alimentaci\u00f3\">Llegeix m\u00e9s\u00bb<\/a><\/p>\n","protected":false},"author":2,"featured_media":0,"comment_status":"open","ping_status":"closed","sticky":false,"template":"","format":"standard","meta":{"_bbp_topic_count":0,"_bbp_reply_count":0,"_bbp_total_topic_count":0,"_bbp_total_reply_count":0,"_bbp_voice_count":0,"_bbp_anonymous_reply_count":0,"_bbp_topic_count_hidden":0,"_bbp_reply_count_hidden":0,"_bbp_forum_subforum_count":0,"footnotes":""},"categories":[13,4],"tags":[97,107],"class_list":["post-1218","post","type-post","status-publish","format-standard","hentry","category-4t","category-portada","tag-4t","tag-taller-alimentacio"],"post_mailing_queue_ids":[],"_links":{"self":[{"href":"https:\/\/agora.xtec.cat\/ceip-joan-coret\/wp-json\/wp\/v2\/posts\/1218","targetHints":{"allow":["GET"]}}],"collection":[{"href":"https:\/\/agora.xtec.cat\/ceip-joan-coret\/wp-json\/wp\/v2\/posts"}],"about":[{"href":"https:\/\/agora.xtec.cat\/ceip-joan-coret\/wp-json\/wp\/v2\/types\/post"}],"author":[{"embeddable":true,"href":"https:\/\/agora.xtec.cat\/ceip-joan-coret\/wp-json\/wp\/v2\/users\/2"}],"replies":[{"embeddable":true,"href":"https:\/\/agora.xtec.cat\/ceip-joan-coret\/wp-json\/wp\/v2\/comments?post=1218"}],"version-history":[{"count":3,"href":"https:\/\/agora.xtec.cat\/ceip-joan-coret\/wp-json\/wp\/v2\/posts\/1218\/revisions"}],"predecessor-version":[{"id":1278,"href":"https:\/\/agora.xtec.cat\/ceip-joan-coret\/wp-json\/wp\/v2\/posts\/1218\/revisions\/1278"}],"wp:attachment":[{"href":"https:\/\/agora.xtec.cat\/ceip-joan-coret\/wp-json\/wp\/v2\/media?parent=1218"}],"wp:term":[{"taxonomy":"category","embeddable":true,"href":"https:\/\/agora.xtec.cat\/ceip-joan-coret\/wp-json\/wp\/v2\/categories?post=1218"},{"taxonomy":"post_tag","embeddable":true,"href":"https:\/\/agora.xtec.cat\/ceip-joan-coret\/wp-json\/wp\/v2\/tags?post=1218"}],"curies":[{"name":"wp","href":"https:\/\/api.w.org\/{rel}","templated":true}]}}