{"id":1083,"date":"2018-03-20T13:49:18","date_gmt":"2018-03-20T12:49:18","guid":{"rendered":"http:\/\/agora.xtec.cat\/ceip-joan-coret\/?p=1083"},"modified":"2018-03-20T13:49:18","modified_gmt":"2018-03-20T12:49:18","slug":"espais-joc-simbolic-ed-infantil","status":"publish","type":"post","link":"https:\/\/agora.xtec.cat\/ceip-joan-coret\/infantil\/i3\/espais-joc-simbolic-ed-infantil\/","title":{"rendered":"Espais Joc Simb\u00f2lic Ed. Infantil"},"content":{"rendered":"<p>A Educaci\u00f3 Infantil treballem el Joc Simb\u00f2lic en aquests racons que us ensenyem a continuaci\u00f3. Ens ho passem d&#8217;all\u00f2 m\u00e9s b\u00e9!<\/p>\n<p>Aqu\u00ed teniu un recull de fotos:<\/p>\n<p><a href=\"https:\/\/photos.app.goo.gl\/1cvU1ntDqrpwG0IF3\" target=\"_blank\" rel=\"noopener noreferrer\">https:\/\/photos.app.goo.gl\/1cvU1ntDqrpwG0IF3<\/a><\/p>\n","protected":false},"excerpt":{"rendered":"<p>A Educaci\u00f3 Infantil treballem el Joc Simb\u00f2lic en aquests racons que us ensenyem a continuaci\u00f3. Ens ho passem d&#8217;all\u00f2 m\u00e9s b\u00e9!<br \/>\nAqu\u00ed teniu un recull de fotos:<br \/>\n<a href=\"https:\/\/photos.app.goo.gl\/1cvU1ntDqrpwG0IF3\" target=\"_blank\" rel=\"noopener noreferrer\">https:\/\/photos.app.goo.gl\/1cvU1ntDqrpwG0IF3<\/a><\/p>\n","protected":false},"author":3,"featured_media":0,"comment_status":"open","ping_status":"closed","sticky":false,"template":"","format":"standard","meta":{"_bbp_topic_count":0,"_bbp_reply_count":0,"_bbp_total_topic_count":0,"_bbp_total_reply_count":0,"_bbp_voice_count":0,"_bbp_anonymous_reply_count":0,"_bbp_topic_count_hidden":0,"_bbp_reply_count_hidden":0,"_bbp_forum_subforum_count":0,"footnotes":""},"categories":[3,8,9,4],"tags":[88,99],"class_list":["post-1083","post","type-post","status-publish","format-standard","hentry","category-i3","category-i4","category-i5","category-portada","tag-ed-infantil","tag-joc-simbolic"],"post_mailing_queue_ids":[],"_links":{"self":[{"href":"https:\/\/agora.xtec.cat\/ceip-joan-coret\/wp-json\/wp\/v2\/posts\/1083","targetHints":{"allow":["GET"]}}],"collection":[{"href":"https:\/\/agora.xtec.cat\/ceip-joan-coret\/wp-json\/wp\/v2\/posts"}],"about":[{"href":"https:\/\/agora.xtec.cat\/ceip-joan-coret\/wp-json\/wp\/v2\/types\/post"}],"author":[{"embeddable":true,"href":"https:\/\/agora.xtec.cat\/ceip-joan-coret\/wp-json\/wp\/v2\/users\/3"}],"replies":[{"embeddable":true,"href":"https:\/\/agora.xtec.cat\/ceip-joan-coret\/wp-json\/wp\/v2\/comments?post=1083"}],"version-history":[{"count":1,"href":"https:\/\/agora.xtec.cat\/ceip-joan-coret\/wp-json\/wp\/v2\/posts\/1083\/revisions"}],"predecessor-version":[{"id":1084,"href":"https:\/\/agora.xtec.cat\/ceip-joan-coret\/wp-json\/wp\/v2\/posts\/1083\/revisions\/1084"}],"wp:attachment":[{"href":"https:\/\/agora.xtec.cat\/ceip-joan-coret\/wp-json\/wp\/v2\/media?parent=1083"}],"wp:term":[{"taxonomy":"category","embeddable":true,"href":"https:\/\/agora.xtec.cat\/ceip-joan-coret\/wp-json\/wp\/v2\/categories?post=1083"},{"taxonomy":"post_tag","embeddable":true,"href":"https:\/\/agora.xtec.cat\/ceip-joan-coret\/wp-json\/wp\/v2\/tags?post=1083"}],"curies":[{"name":"wp","href":"https:\/\/api.w.org\/{rel}","templated":true}]}}