{"id":1076,"date":"2018-03-09T14:49:29","date_gmt":"2018-03-09T13:49:29","guid":{"rendered":"http:\/\/agora.xtec.cat\/ceip-joan-coret\/?p=1076"},"modified":"2018-03-15T11:47:34","modified_gmt":"2018-03-15T10:47:34","slug":"trobada-de-cooperatives-de-badalona","status":"publish","type":"post","link":"https:\/\/agora.xtec.cat\/ceip-joan-coret\/general\/trobada-de-cooperatives-de-badalona\/","title":{"rendered":"Trobada de cooperatives de Badalona"},"content":{"rendered":"<p>El passat dimecres dia 7 de mar\u00e7, les dues cooperatives de 5\u00e8 vam anar al teatre Principal de Badalona on ens vam trobar amb les altres cooperatives de la ciutat. All\u00e0 vam estar intercanviant les nostres viv\u00e8ncies fins el moment i els equips directius van sol\u00b7licitar a l&#8217;edifici del Viver el perm\u00eds de parada per al dia del mercat.<\/p>\n<p>Aqu\u00ed us deixem algunes fotos d&#8217;aquesta interessant i emocionant experi\u00e8ncia.<\/p>\n<p><a href=\"https:\/\/photos.app.goo.gl\/gKcyqLEU4RxYdThW2\" target=\"_blank\" rel=\"noopener noreferrer\">https:\/\/photos.app.goo.gl\/gKcyqLEU4RxYdThW2<\/a><\/p>\n","protected":false},"excerpt":{"rendered":"<p>El passat dimecres dia 7 de mar\u00e7, les dues cooperatives de 5\u00e8 vam anar al teatre Principal de Badalona on ens vam trobar amb les altres cooperatives de la ciutat. All\u00e0 vam estar intercanviant les nostres viv\u00e8ncies fins el moment i els equips directius van&hellip;  <a href=\"https:\/\/agora.xtec.cat\/ceip-joan-coret\/general\/trobada-de-cooperatives-de-badalona\/\" title=\"Read Trobada de cooperatives de Badalona\">Llegeix m\u00e9s\u00bb<\/a><\/p>\n","protected":false},"author":2,"featured_media":0,"comment_status":"open","ping_status":"closed","sticky":false,"template":"","format":"standard","meta":{"_bbp_topic_count":0,"_bbp_reply_count":0,"_bbp_total_topic_count":0,"_bbp_total_reply_count":0,"_bbp_voice_count":0,"_bbp_anonymous_reply_count":0,"_bbp_topic_count_hidden":0,"_bbp_reply_count_hidden":0,"_bbp_forum_subforum_count":0,"footnotes":""},"categories":[14,1,4],"tags":[],"class_list":["post-1076","post","type-post","status-publish","format-standard","hentry","category-5e","category-general","category-portada"],"post_mailing_queue_ids":[],"_links":{"self":[{"href":"https:\/\/agora.xtec.cat\/ceip-joan-coret\/wp-json\/wp\/v2\/posts\/1076","targetHints":{"allow":["GET"]}}],"collection":[{"href":"https:\/\/agora.xtec.cat\/ceip-joan-coret\/wp-json\/wp\/v2\/posts"}],"about":[{"href":"https:\/\/agora.xtec.cat\/ceip-joan-coret\/wp-json\/wp\/v2\/types\/post"}],"author":[{"embeddable":true,"href":"https:\/\/agora.xtec.cat\/ceip-joan-coret\/wp-json\/wp\/v2\/users\/2"}],"replies":[{"embeddable":true,"href":"https:\/\/agora.xtec.cat\/ceip-joan-coret\/wp-json\/wp\/v2\/comments?post=1076"}],"version-history":[{"count":2,"href":"https:\/\/agora.xtec.cat\/ceip-joan-coret\/wp-json\/wp\/v2\/posts\/1076\/revisions"}],"predecessor-version":[{"id":1078,"href":"https:\/\/agora.xtec.cat\/ceip-joan-coret\/wp-json\/wp\/v2\/posts\/1076\/revisions\/1078"}],"wp:attachment":[{"href":"https:\/\/agora.xtec.cat\/ceip-joan-coret\/wp-json\/wp\/v2\/media?parent=1076"}],"wp:term":[{"taxonomy":"category","embeddable":true,"href":"https:\/\/agora.xtec.cat\/ceip-joan-coret\/wp-json\/wp\/v2\/categories?post=1076"},{"taxonomy":"post_tag","embeddable":true,"href":"https:\/\/agora.xtec.cat\/ceip-joan-coret\/wp-json\/wp\/v2\/tags?post=1076"}],"curies":[{"name":"wp","href":"https:\/\/api.w.org\/{rel}","templated":true}]}}