{"id":1059,"date":"2018-03-01T19:56:21","date_gmt":"2018-03-01T18:56:21","guid":{"rendered":"http:\/\/agora.xtec.cat\/ceip-joan-coret\/?p=1059"},"modified":"2018-03-01T19:56:21","modified_gmt":"2018-03-01T18:56:21","slug":"ed-fisica-4rt","status":"publish","type":"post","link":"https:\/\/agora.xtec.cat\/ceip-joan-coret\/portada\/ed-fisica-4rt\/","title":{"rendered":"Ed. F\u00edsica 4rt"},"content":{"rendered":"<p>Els nens i nenes de 4rt ens ho passem molt b\u00e9 fent Educaci\u00f3 F\u00edsica a l&#8217;escola. Aqu\u00ed us deixem unes fotos, esperem que us ho passeu igual de b\u00e9 que nosaltres!<\/p>\n<p><a href=\"https:\/\/photos.app.goo.gl\/TPSFo8OHRvpjSpY03\" target=\"_blank\" rel=\"noopener noreferrer\">https:\/\/photos.app.goo.gl\/TPSFo8OHRvpjSpY03<\/a><\/p>\n","protected":false},"excerpt":{"rendered":"<p>Els nens i nenes de 4rt ens ho passem molt b\u00e9 fent Educaci\u00f3 F\u00edsica a l&#8217;escola. Aqu\u00ed us deixem unes fotos, esperem que us ho passeu igual de b\u00e9 que nosaltres!<br \/>\n<a href=\"https:\/\/photos.app.goo.gl\/TPSFo8OHRvpjSpY03\" target=\"_blank\" rel=\"noopener noreferrer\">https:\/\/photos.app.goo.gl\/TPSFo8OHRvpjSpY03<\/a><\/p>\n","protected":false},"author":3,"featured_media":0,"comment_status":"open","ping_status":"closed","sticky":false,"template":"","format":"standard","meta":{"_bbp_topic_count":0,"_bbp_reply_count":0,"_bbp_total_topic_count":0,"_bbp_total_reply_count":0,"_bbp_voice_count":0,"_bbp_anonymous_reply_count":0,"_bbp_topic_count_hidden":0,"_bbp_reply_count_hidden":0,"_bbp_forum_subforum_count":0,"footnotes":""},"categories":[13,64,4],"tags":[92,66],"class_list":["post-1059","post","type-post","status-publish","format-standard","hentry","category-4t","category-educacio-fisica","category-portada","tag-4rt","tag-ed-fisica"],"post_mailing_queue_ids":[],"_links":{"self":[{"href":"https:\/\/agora.xtec.cat\/ceip-joan-coret\/wp-json\/wp\/v2\/posts\/1059","targetHints":{"allow":["GET"]}}],"collection":[{"href":"https:\/\/agora.xtec.cat\/ceip-joan-coret\/wp-json\/wp\/v2\/posts"}],"about":[{"href":"https:\/\/agora.xtec.cat\/ceip-joan-coret\/wp-json\/wp\/v2\/types\/post"}],"author":[{"embeddable":true,"href":"https:\/\/agora.xtec.cat\/ceip-joan-coret\/wp-json\/wp\/v2\/users\/3"}],"replies":[{"embeddable":true,"href":"https:\/\/agora.xtec.cat\/ceip-joan-coret\/wp-json\/wp\/v2\/comments?post=1059"}],"version-history":[{"count":1,"href":"https:\/\/agora.xtec.cat\/ceip-joan-coret\/wp-json\/wp\/v2\/posts\/1059\/revisions"}],"predecessor-version":[{"id":1060,"href":"https:\/\/agora.xtec.cat\/ceip-joan-coret\/wp-json\/wp\/v2\/posts\/1059\/revisions\/1060"}],"wp:attachment":[{"href":"https:\/\/agora.xtec.cat\/ceip-joan-coret\/wp-json\/wp\/v2\/media?parent=1059"}],"wp:term":[{"taxonomy":"category","embeddable":true,"href":"https:\/\/agora.xtec.cat\/ceip-joan-coret\/wp-json\/wp\/v2\/categories?post=1059"},{"taxonomy":"post_tag","embeddable":true,"href":"https:\/\/agora.xtec.cat\/ceip-joan-coret\/wp-json\/wp\/v2\/tags?post=1059"}],"curies":[{"name":"wp","href":"https:\/\/api.w.org\/{rel}","templated":true}]}}