{"id":1050,"date":"2018-02-23T09:18:28","date_gmt":"2018-02-23T08:18:28","guid":{"rendered":"http:\/\/agora.xtec.cat\/ceip-joan-coret\/?p=1050"},"modified":"2018-02-23T09:18:28","modified_gmt":"2018-02-23T08:18:28","slug":"badalona-historica-amb-3r","status":"publish","type":"post","link":"https:\/\/agora.xtec.cat\/ceip-joan-coret\/portada\/badalona-historica-amb-3r\/","title":{"rendered":"Badalona Hist\u00f2rica amb 3r"},"content":{"rendered":"<p>Dijous 22 de febrer els nens i nenes de 3r vam anar a visitar indrets hist\u00f2rics de Badalona com ara s\u00f3n &#8220;La Casa dels Dofins&#8221; (Romana), les seus dels tres ajuntaments que han hagut a Badalona des de l&#8217;\u00e8poca dels Romans, tamb\u00e9 vam estar visitant les fa\u00e7anes Modernistes que podem trobar pels carrers de Badalona i per acabar vam visitar la F\u00e0brica d&#8217;Anis del Mono. Aqu\u00ed teniu un recull de les fotos que ens vam fer. Esperem que us agradin!<\/p>\n<p><a href=\"https:\/\/photos.app.goo.gl\/8iYDRtrHlP6ow0TK2\" target=\"_blank\" rel=\"noopener noreferrer\">https:\/\/photos.app.goo.gl\/8iYDRtrHlP6ow0TK2<\/a><\/p>\n","protected":false},"excerpt":{"rendered":"<p>Dijous 22 de febrer els nens i nenes de 3r vam anar a visitar indrets hist\u00f2rics de Badalona com ara s\u00f3n &#8220;La Casa dels Dofins&#8221; (Romana), les seus dels tres ajuntaments que han hagut a Badalona des de l&#8217;\u00e8poca dels Romans, tamb\u00e9 vam estar visitant&hellip;  <a href=\"https:\/\/agora.xtec.cat\/ceip-joan-coret\/portada\/badalona-historica-amb-3r\/\" title=\"Read Badalona Hist\u00f2rica amb 3r\">Llegeix m\u00e9s\u00bb<\/a><\/p>\n","protected":false},"author":3,"featured_media":0,"comment_status":"open","ping_status":"closed","sticky":false,"template":"","format":"standard","meta":{"_bbp_topic_count":0,"_bbp_reply_count":0,"_bbp_total_topic_count":0,"_bbp_total_reply_count":0,"_bbp_voice_count":0,"_bbp_anonymous_reply_count":0,"_bbp_topic_count_hidden":0,"_bbp_reply_count_hidden":0,"_bbp_forum_subforum_count":0,"footnotes":""},"categories":[12,4],"tags":[72],"class_list":["post-1050","post","type-post","status-publish","format-standard","hentry","category-3r","category-portada","tag-3r"],"post_mailing_queue_ids":[],"_links":{"self":[{"href":"https:\/\/agora.xtec.cat\/ceip-joan-coret\/wp-json\/wp\/v2\/posts\/1050","targetHints":{"allow":["GET"]}}],"collection":[{"href":"https:\/\/agora.xtec.cat\/ceip-joan-coret\/wp-json\/wp\/v2\/posts"}],"about":[{"href":"https:\/\/agora.xtec.cat\/ceip-joan-coret\/wp-json\/wp\/v2\/types\/post"}],"author":[{"embeddable":true,"href":"https:\/\/agora.xtec.cat\/ceip-joan-coret\/wp-json\/wp\/v2\/users\/3"}],"replies":[{"embeddable":true,"href":"https:\/\/agora.xtec.cat\/ceip-joan-coret\/wp-json\/wp\/v2\/comments?post=1050"}],"version-history":[{"count":1,"href":"https:\/\/agora.xtec.cat\/ceip-joan-coret\/wp-json\/wp\/v2\/posts\/1050\/revisions"}],"predecessor-version":[{"id":1051,"href":"https:\/\/agora.xtec.cat\/ceip-joan-coret\/wp-json\/wp\/v2\/posts\/1050\/revisions\/1051"}],"wp:attachment":[{"href":"https:\/\/agora.xtec.cat\/ceip-joan-coret\/wp-json\/wp\/v2\/media?parent=1050"}],"wp:term":[{"taxonomy":"category","embeddable":true,"href":"https:\/\/agora.xtec.cat\/ceip-joan-coret\/wp-json\/wp\/v2\/categories?post=1050"},{"taxonomy":"post_tag","embeddable":true,"href":"https:\/\/agora.xtec.cat\/ceip-joan-coret\/wp-json\/wp\/v2\/tags?post=1050"}],"curies":[{"name":"wp","href":"https:\/\/api.w.org\/{rel}","templated":true}]}}