{"id":1040,"date":"2018-02-22T14:22:25","date_gmt":"2018-02-22T13:22:25","guid":{"rendered":"http:\/\/agora.xtec.cat\/ceip-joan-coret\/?p=1040"},"modified":"2018-02-23T09:14:20","modified_gmt":"2018-02-23T08:14:20","slug":"campionat-de-badalona-datletisme","status":"publish","type":"post","link":"https:\/\/agora.xtec.cat\/ceip-joan-coret\/general\/campionat-de-badalona-datletisme\/","title":{"rendered":"CAMPIONAT DE BADALONA D&#8217;ATLETISME"},"content":{"rendered":"<p>El passat 17 de desembre 4 alumnes de l&#8217;escola (Mario Carrasco, 4t, Enric Garc\u00eda 4t, Aleix S\u00e1nchez 4t i Joel S\u00e1nchez 6\u00e8) vam anar a les pistes de Paco \u00c1guila organitzat per la UGE.<\/p>\n<p>Cadasc\u00fa participava en 2 proves que pr\u00e8viament t&#8217;havies inscrit.<\/p>\n<p>Ens ho vam passar molt b\u00e9 per\u00f2 va ser una ll\u00e0stima que no s&#8217;apuntessin m\u00e9s companys i companyes de l&#8217;escola.<\/p>\n<p>Animeu-vos, val la pena!<a href=\"http:\/\/agora.xtec.cat\/ceip-joan-coret\/wp-content\/uploads\/usu1194\/2018\/02\/IMG_3530.jpg\"><img loading=\"lazy\" decoding=\"async\" class=\"alignnone wp-image-1039 size-medium\" src=\"http:\/\/agora.xtec.cat\/ceip-joan-coret\/wp-content\/uploads\/usu1194\/2018\/02\/IMG_3530-225x300.jpg\" alt=\"\" width=\"225\" height=\"300\" srcset=\"https:\/\/agora.xtec.cat\/ceip-joan-coret\/wp-content\/uploads\/usu1194\/2018\/02\/IMG_3530-225x300.jpg 225w, https:\/\/agora.xtec.cat\/ceip-joan-coret\/wp-content\/uploads\/usu1194\/2018\/02\/IMG_3530-768x1024.jpg 768w\" sizes=\"auto, (max-width: 225px) 100vw, 225px\" \/><\/a><\/p>\n<p><a href=\"https:\/\/photos.app.goo.gl\/xQFhmhQz9lJNO5tx2\" target=\"_blank\" rel=\"noopener noreferrer\">https:\/\/photos.app.goo.gl\/xQFhmhQz9lJNO5tx2<\/a><\/p>\n","protected":false},"excerpt":{"rendered":"<p>El passat 17 de desembre 4 alumnes de l&#8217;escola (Mario Carrasco, 4t, Enric Garc\u00eda 4t, Aleix S\u00e1nchez 4t i Joel S\u00e1nchez 6\u00e8) vam anar a les pistes de Paco \u00c1guila organitzat per la UGE.<br \/>\nCadasc\u00fa participava en 2 proves que pr\u00e8viament t&#8217;havies inscrit.<br \/>\nEns ho vam passar&hellip;  <a href=\"https:\/\/agora.xtec.cat\/ceip-joan-coret\/general\/campionat-de-badalona-datletisme\/\" title=\"Read CAMPIONAT DE BADALONA D&#8217;ATLETISME\">Llegeix m\u00e9s\u00bb<\/a><\/p>\n","protected":false},"author":2,"featured_media":0,"comment_status":"open","ping_status":"closed","sticky":false,"template":"","format":"standard","meta":{"_bbp_topic_count":0,"_bbp_reply_count":0,"_bbp_total_topic_count":0,"_bbp_total_reply_count":0,"_bbp_voice_count":0,"_bbp_anonymous_reply_count":0,"_bbp_topic_count_hidden":0,"_bbp_reply_count_hidden":0,"_bbp_forum_subforum_count":0,"footnotes":""},"categories":[13,15,64,1,5],"tags":[],"class_list":["post-1040","post","type-post","status-publish","format-standard","hentry","category-4t","category-6e","category-educacio-fisica","category-general","category-primaria"],"post_mailing_queue_ids":[],"_links":{"self":[{"href":"https:\/\/agora.xtec.cat\/ceip-joan-coret\/wp-json\/wp\/v2\/posts\/1040","targetHints":{"allow":["GET"]}}],"collection":[{"href":"https:\/\/agora.xtec.cat\/ceip-joan-coret\/wp-json\/wp\/v2\/posts"}],"about":[{"href":"https:\/\/agora.xtec.cat\/ceip-joan-coret\/wp-json\/wp\/v2\/types\/post"}],"author":[{"embeddable":true,"href":"https:\/\/agora.xtec.cat\/ceip-joan-coret\/wp-json\/wp\/v2\/users\/2"}],"replies":[{"embeddable":true,"href":"https:\/\/agora.xtec.cat\/ceip-joan-coret\/wp-json\/wp\/v2\/comments?post=1040"}],"version-history":[{"count":3,"href":"https:\/\/agora.xtec.cat\/ceip-joan-coret\/wp-json\/wp\/v2\/posts\/1040\/revisions"}],"predecessor-version":[{"id":1049,"href":"https:\/\/agora.xtec.cat\/ceip-joan-coret\/wp-json\/wp\/v2\/posts\/1040\/revisions\/1049"}],"wp:attachment":[{"href":"https:\/\/agora.xtec.cat\/ceip-joan-coret\/wp-json\/wp\/v2\/media?parent=1040"}],"wp:term":[{"taxonomy":"category","embeddable":true,"href":"https:\/\/agora.xtec.cat\/ceip-joan-coret\/wp-json\/wp\/v2\/categories?post=1040"},{"taxonomy":"post_tag","embeddable":true,"href":"https:\/\/agora.xtec.cat\/ceip-joan-coret\/wp-json\/wp\/v2\/tags?post=1040"}],"curies":[{"name":"wp","href":"https:\/\/api.w.org\/{rel}","templated":true}]}}