{"id":1035,"date":"2018-02-22T09:38:38","date_gmt":"2018-02-22T08:38:38","guid":{"rendered":"http:\/\/agora.xtec.cat\/ceip-joan-coret\/?p=1035"},"modified":"2018-06-02T16:49:19","modified_gmt":"2018-06-02T14:49:19","slug":"carnestoltes-2018","status":"publish","type":"post","link":"https:\/\/agora.xtec.cat\/ceip-joan-coret\/infantil\/i3\/carnestoltes-2018\/","title":{"rendered":"Carnestoltes 2018"},"content":{"rendered":"<p>Ja tenim les fotos de la celebraci\u00f3 del Carnestoltes. En el seg\u00fcent enlla\u00e7 les podeu visitar. Esperem que us agradin.<\/p>\n<p><a href=\"https:\/\/photos.app.goo.gl\/tVLd4t2YkEv1Kpos1\" target=\"_blank\" rel=\"noopener noreferrer\">https:\/\/photos.app.goo.gl\/tVLd4t2YkEv1Kpos1<\/a><\/p>\n","protected":false},"excerpt":{"rendered":"<p>Ja tenim les fotos de la celebraci\u00f3 del Carnestoltes. En el seg\u00fcent enlla\u00e7 les podeu visitar. Esperem que us agradin.<br \/>\n<a href=\"https:\/\/photos.app.goo.gl\/tVLd4t2YkEv1Kpos1\" target=\"_blank\" rel=\"noopener noreferrer\">https:\/\/photos.app.goo.gl\/tVLd4t2YkEv1Kpos1<\/a><\/p>\n","protected":false},"author":3,"featured_media":0,"comment_status":"open","ping_status":"closed","sticky":false,"template":"","format":"standard","meta":{"_bbp_topic_count":0,"_bbp_reply_count":0,"_bbp_total_topic_count":0,"_bbp_total_reply_count":0,"_bbp_voice_count":0,"_bbp_anonymous_reply_count":0,"_bbp_topic_count_hidden":0,"_bbp_reply_count_hidden":0,"_bbp_forum_subforum_count":0,"footnotes":""},"categories":[10,11,12,13,14,15,3,8,9,4],"tags":[],"class_list":["post-1035","post","type-post","status-publish","format-standard","hentry","category-1r","category-2n","category-3r","category-4t","category-5e","category-6e","category-i3","category-i4","category-i5","category-portada"],"post_mailing_queue_ids":[],"_links":{"self":[{"href":"https:\/\/agora.xtec.cat\/ceip-joan-coret\/wp-json\/wp\/v2\/posts\/1035","targetHints":{"allow":["GET"]}}],"collection":[{"href":"https:\/\/agora.xtec.cat\/ceip-joan-coret\/wp-json\/wp\/v2\/posts"}],"about":[{"href":"https:\/\/agora.xtec.cat\/ceip-joan-coret\/wp-json\/wp\/v2\/types\/post"}],"author":[{"embeddable":true,"href":"https:\/\/agora.xtec.cat\/ceip-joan-coret\/wp-json\/wp\/v2\/users\/3"}],"replies":[{"embeddable":true,"href":"https:\/\/agora.xtec.cat\/ceip-joan-coret\/wp-json\/wp\/v2\/comments?post=1035"}],"version-history":[{"count":2,"href":"https:\/\/agora.xtec.cat\/ceip-joan-coret\/wp-json\/wp\/v2\/posts\/1035\/revisions"}],"predecessor-version":[{"id":1210,"href":"https:\/\/agora.xtec.cat\/ceip-joan-coret\/wp-json\/wp\/v2\/posts\/1035\/revisions\/1210"}],"wp:attachment":[{"href":"https:\/\/agora.xtec.cat\/ceip-joan-coret\/wp-json\/wp\/v2\/media?parent=1035"}],"wp:term":[{"taxonomy":"category","embeddable":true,"href":"https:\/\/agora.xtec.cat\/ceip-joan-coret\/wp-json\/wp\/v2\/categories?post=1035"},{"taxonomy":"post_tag","embeddable":true,"href":"https:\/\/agora.xtec.cat\/ceip-joan-coret\/wp-json\/wp\/v2\/tags?post=1035"}],"curies":[{"name":"wp","href":"https:\/\/api.w.org\/{rel}","templated":true}]}}