{"id":1011,"date":"2018-02-15T10:11:48","date_gmt":"2018-02-15T09:11:48","guid":{"rendered":"http:\/\/agora.xtec.cat\/ceip-joan-coret\/?p=1011"},"modified":"2018-02-15T10:12:16","modified_gmt":"2018-02-15T09:12:16","slug":"scrabble-6e","status":"publish","type":"post","link":"https:\/\/agora.xtec.cat\/ceip-joan-coret\/portada\/scrabble-6e\/","title":{"rendered":"Scrabble 6\u00e8"},"content":{"rendered":"<p>Aqu\u00ed tenim les fotos de l&#8217;Scrabble que els nens i nenes estan treballant a 6\u00e8 durant aquest curs. Ens ho passem d&#8217;all\u00f2 m\u00e9s b\u00e9 jugant amb les lletres!<\/p>\n<p><a href=\"https:\/\/photos.app.goo.gl\/FJgCpZqkJfV440MA3\" target=\"_blank\" rel=\"noopener noreferrer\">https:\/\/photos.app.goo.gl\/FJgCpZqkJfV440MA3<\/a><\/p>\n","protected":false},"excerpt":{"rendered":"<p>Aqu\u00ed tenim les fotos de l&#8217;Scrabble que els nens i nenes estan treballant a 6\u00e8 durant aquest curs. Ens ho passem d&#8217;all\u00f2 m\u00e9s b\u00e9 jugant amb les lletres!<br \/>\n<a href=\"https:\/\/photos.app.goo.gl\/FJgCpZqkJfV440MA3\" target=\"_blank\" rel=\"noopener noreferrer\">https:\/\/photos.app.goo.gl\/FJgCpZqkJfV440MA3<\/a><\/p>\n","protected":false},"author":3,"featured_media":0,"comment_status":"open","ping_status":"closed","sticky":false,"template":"","format":"standard","meta":{"_bbp_topic_count":0,"_bbp_reply_count":0,"_bbp_total_topic_count":0,"_bbp_total_reply_count":0,"_bbp_voice_count":0,"_bbp_anonymous_reply_count":0,"_bbp_topic_count_hidden":0,"_bbp_reply_count_hidden":0,"_bbp_forum_subforum_count":0,"footnotes":""},"categories":[15,4],"tags":[],"class_list":["post-1011","post","type-post","status-publish","format-standard","hentry","category-6e","category-portada"],"post_mailing_queue_ids":[],"_links":{"self":[{"href":"https:\/\/agora.xtec.cat\/ceip-joan-coret\/wp-json\/wp\/v2\/posts\/1011","targetHints":{"allow":["GET"]}}],"collection":[{"href":"https:\/\/agora.xtec.cat\/ceip-joan-coret\/wp-json\/wp\/v2\/posts"}],"about":[{"href":"https:\/\/agora.xtec.cat\/ceip-joan-coret\/wp-json\/wp\/v2\/types\/post"}],"author":[{"embeddable":true,"href":"https:\/\/agora.xtec.cat\/ceip-joan-coret\/wp-json\/wp\/v2\/users\/3"}],"replies":[{"embeddable":true,"href":"https:\/\/agora.xtec.cat\/ceip-joan-coret\/wp-json\/wp\/v2\/comments?post=1011"}],"version-history":[{"count":1,"href":"https:\/\/agora.xtec.cat\/ceip-joan-coret\/wp-json\/wp\/v2\/posts\/1011\/revisions"}],"predecessor-version":[{"id":1012,"href":"https:\/\/agora.xtec.cat\/ceip-joan-coret\/wp-json\/wp\/v2\/posts\/1011\/revisions\/1012"}],"wp:attachment":[{"href":"https:\/\/agora.xtec.cat\/ceip-joan-coret\/wp-json\/wp\/v2\/media?parent=1011"}],"wp:term":[{"taxonomy":"category","embeddable":true,"href":"https:\/\/agora.xtec.cat\/ceip-joan-coret\/wp-json\/wp\/v2\/categories?post=1011"},{"taxonomy":"post_tag","embeddable":true,"href":"https:\/\/agora.xtec.cat\/ceip-joan-coret\/wp-json\/wp\/v2\/tags?post=1011"}],"curies":[{"name":"wp","href":"https:\/\/api.w.org\/{rel}","templated":true}]}}