{"id":4785,"date":"2019-10-08T19:22:41","date_gmt":"2019-10-08T17:22:41","guid":{"rendered":"http:\/\/agora.xtec.cat\/ceip-jbserra-alcanar\/?p=4785"},"modified":"2019-10-10T14:35:01","modified_gmt":"2019-10-10T12:35:01","slug":"quinquennals-a-lescola-benvinguts-al-mon-dels-contes","status":"publish","type":"post","link":"https:\/\/agora.xtec.cat\/ceip-jbserra-alcanar\/general\/quinquennals-a-lescola-benvinguts-al-mon-dels-contes\/","title":{"rendered":"QUINQUENNALS A L&#8217;ESCOLA: BENVINGUTS AL M\u00d3N DELS CONTES!"},"content":{"rendered":"<p style=\"text-align: center;\"><a href=\"https:\/\/agora.xtec.cat\/ceip-jbserra-alcanar\/wp-content\/uploads\/usu286\/2019\/10\/portada.jpg\"><img loading=\"lazy\" decoding=\"async\" class=\"alignnone wp-image-4790\" src=\"https:\/\/agora.xtec.cat\/ceip-jbserra-alcanar\/wp-content\/uploads\/usu286\/2019\/10\/portada-300x75.jpg\" alt=\"\" width=\"976\" height=\"244\" srcset=\"https:\/\/agora.xtec.cat\/ceip-jbserra-alcanar\/wp-content\/uploads\/usu286\/2019\/10\/portada-300x75.jpg 300w, https:\/\/agora.xtec.cat\/ceip-jbserra-alcanar\/wp-content\/uploads\/usu286\/2019\/10\/portada-768x192.jpg 768w, https:\/\/agora.xtec.cat\/ceip-jbserra-alcanar\/wp-content\/uploads\/usu286\/2019\/10\/portada.jpg 1024w\" sizes=\"auto, (max-width: 976px) 100vw, 976px\" \/><\/a><\/p>\n<p style=\"text-align: justify;\">Xiquets i xiquetes de tota l&#8217;escola vam sortir divendres al mat\u00ed per <span style=\"font-family: inherit; font-size: 1em;\">a col\u00b7laborar amb el ve\u00efnat en la decoraci\u00f3 del nostre carrer, amb motiu de les Festes Quinquennals. Ara ja us ho podem contar: vam convertir un trosset de l&#8217;Avinguda Constituci\u00f3 en una fant\u00e0stica biblioteca a l&#8217;aire lliure, una biblioteca ben especial plena dels llibres que m\u00e9s ens agraden&#8230; els contes!<\/span><\/p>\n<p style=\"text-align: justify;\">Ho hav\u00edeu endevinat? Les pistes que us don\u00e0vem en l&#8217;<a href=\"https:\/\/agora.xtec.cat\/ceip-jbserra-alcanar\/general\/lescola-i-les-festes-quinquennals-2019\/\" target=\"_blank\" rel=\"noopener noreferrer\">article anterior<\/a> eren molt f\u00e0cils! Voleu saber com ho hem fet? Cada classe vam triar un conte: &#8220;<em>Els tres porquets<\/em>&#8220;, &#8220;<em>La lletera<\/em>&#8220;, &#8220;<em>El timbaler del Bruc<\/em>&#8220;, &#8230; i en un paper molt gran vam pintar el dibuix de la portada i el t\u00edtol. El vam apegar en una capsa de cart\u00f3 amb forma de llibre i fins i tot hi vam apegar el codi de barres ISBN. Per fer la catifa, vam fer les lletres de totes les paraules del t\u00edtol tapissades amb papers de seda de colors. Hi ha hagut molta faena, ja vam comen\u00e7ar a fer-ho a finals del curs passat per no haver de c\u00f3rrer ara al setembre. Ho vol\u00edem tindre ben enllestit a temps!<\/p>\n<p style=\"text-align: justify;\">Juntament amb els ve\u00efns i les mestres, hem anat col\u00b7locant els contes i els t\u00edtols a tot el llarg del carrer, als senyals que ja ens havien marcat pr\u00e8viament. Els ve\u00efns han fet el treball m\u00e9s dur de bricolatge, perqu\u00e8 qued\u00e9s tot ben posat i no caigu\u00e9s. El resultat ha sigut espectacular: tothom ens ha felicitat de tan bonic que ha quedat!<\/p>\n<p style=\"text-align: center;\"><iframe loading=\"lazy\" src=\"\/\/www.youtube.com\/embed\/mEpbR6IwjrY\" width=\"560\" height=\"315\" frameborder=\"0\" allowfullscreen=\"allowfullscreen\"><\/iframe><\/p>\n<p style=\"text-align: center;\"><a href=\"https:\/\/photos.app.goo.gl\/LFxXEAmWnjd2mWGX7\" target=\"_blank\" rel=\"noopener noreferrer\"><img loading=\"lazy\" decoding=\"async\" class=\"alignnone wp-image-4791\" src=\"https:\/\/agora.xtec.cat\/ceip-jbserra-alcanar\/wp-content\/uploads\/usu286\/2019\/10\/portada2-300x206.jpg\" alt=\"\" width=\"562\" height=\"386\" srcset=\"https:\/\/agora.xtec.cat\/ceip-jbserra-alcanar\/wp-content\/uploads\/usu286\/2019\/10\/portada2-300x206.jpg 300w, https:\/\/agora.xtec.cat\/ceip-jbserra-alcanar\/wp-content\/uploads\/usu286\/2019\/10\/portada2-768x527.jpg 768w, https:\/\/agora.xtec.cat\/ceip-jbserra-alcanar\/wp-content\/uploads\/usu286\/2019\/10\/portada2.jpg 1024w\" sizes=\"auto, (max-width: 562px) 100vw, 562px\" \/><\/a><\/p>\n<p style=\"padding-left: 40px; text-align: center;\"><em>feu clic a la imatge per accedir a l&#8217;\u00e0lbum de fotos<\/em><\/p>\n<p style=\"text-align: justify;\">Si remeneu pel men\u00fa de navegaci\u00f3 que dona acc\u00e9s als diferents blocs de nivell, podreu trobar d&#8217;altres articles relacionats amb les diferents activitats que es fan a l&#8217;escola amb motiu de les Festes Quinquennals.<\/p>\n","protected":false},"excerpt":{"rendered":"<p>Xiquets i xiquetes de tota l&#8217;escola vam sortir divendres al mat\u00ed per a col\u00b7laborar amb el ve\u00efnat en la decoraci\u00f3 del nostre carrer, amb motiu de les Festes Quinquennals. Ara ja us ho podem contar: vam convertir un trosset de l&#8217;Avinguda Constituci\u00f3 en una fant\u00e0stica biblioteca a l&#8217;aire lliure, una biblioteca ben especial plena dels [&hellip;]<\/p>\n","protected":false},"author":1,"featured_media":4788,"comment_status":"open","ping_status":"closed","sticky":false,"template":"","format":"standard","meta":{"_bbp_topic_count":0,"_bbp_reply_count":0,"_bbp_total_topic_count":0,"_bbp_total_reply_count":0,"_bbp_voice_count":0,"_bbp_anonymous_reply_count":0,"_bbp_topic_count_hidden":0,"_bbp_reply_count_hidden":0,"_bbp_forum_subforum_count":0,"site-sidebar-layout":"default","site-content-layout":"","ast-site-content-layout":"","site-content-style":"default","site-sidebar-style":"default","ast-global-header-display":"","ast-banner-title-visibility":"","ast-main-header-display":"","ast-hfb-above-header-display":"","ast-hfb-below-header-display":"","ast-hfb-mobile-header-display":"","site-post-title":"","ast-breadcrumbs-content":"","ast-featured-img":"","footer-sml-layout":"","theme-transparent-header-meta":"","adv-header-id-meta":"","stick-header-meta":"","header-above-stick-meta":"","header-main-stick-meta":"","header-below-stick-meta":"","astra-migrate-meta-layouts":"default","ast-page-background-enabled":"default","ast-page-background-meta":{"desktop":{"background-color":"var(--ast-global-color-4)","background-image":"","background-repeat":"repeat","background-position":"center center","background-size":"auto","background-attachment":"scroll","background-type":"","background-media":"","overlay-type":"","overlay-color":"","overlay-opacity":"","overlay-gradient":""},"tablet":{"background-color":"","background-image":"","background-repeat":"repeat","background-position":"center center","background-size":"auto","background-attachment":"scroll","background-type":"","background-media":"","overlay-type":"","overlay-color":"","overlay-opacity":"","overlay-gradient":""},"mobile":{"background-color":"","background-image":"","background-repeat":"repeat","background-position":"center center","background-size":"auto","background-attachment":"scroll","background-type":"","background-media":"","overlay-type":"","overlay-color":"","overlay-opacity":"","overlay-gradient":""}},"ast-content-background-meta":{"desktop":{"background-color":"var(--ast-global-color-5)","background-image":"","background-repeat":"repeat","background-position":"center center","background-size":"auto","background-attachment":"scroll","background-type":"","background-media":"","overlay-type":"","overlay-color":"","overlay-opacity":"","overlay-gradient":""},"tablet":{"background-color":"var(--ast-global-color-5)","background-image":"","background-repeat":"repeat","background-position":"center center","background-size":"auto","background-attachment":"scroll","background-type":"","background-media":"","overlay-type":"","overlay-color":"","overlay-opacity":"","overlay-gradient":""},"mobile":{"background-color":"var(--ast-global-color-5)","background-image":"","background-repeat":"repeat","background-position":"center center","background-size":"auto","background-attachment":"scroll","background-type":"","background-media":"","overlay-type":"","overlay-color":"","overlay-opacity":"","overlay-gradient":""}},"footnotes":""},"categories":[10,11,12,13,98,15,1,3,8,9,2,4,5],"tags":[213,219,220,119],"class_list":["post-4785","post","type-post","status-publish","format-standard","has-post-thumbnail","hentry","category-1r","category-2n","category-3r","category-4t","category-5e","category-6e","category-general","category-i3","category-i4","category-i5","category-infantil","category-portada","category-primaria","tag-contes","tag-curs-2019-2020","tag-festes-quinquennals","tag-treball-collaboratiu"],"post_mailing_queue_ids":[],"_links":{"self":[{"href":"https:\/\/agora.xtec.cat\/ceip-jbserra-alcanar\/wp-json\/wp\/v2\/posts\/4785","targetHints":{"allow":["GET"]}}],"collection":[{"href":"https:\/\/agora.xtec.cat\/ceip-jbserra-alcanar\/wp-json\/wp\/v2\/posts"}],"about":[{"href":"https:\/\/agora.xtec.cat\/ceip-jbserra-alcanar\/wp-json\/wp\/v2\/types\/post"}],"author":[{"embeddable":true,"href":"https:\/\/agora.xtec.cat\/ceip-jbserra-alcanar\/wp-json\/wp\/v2\/users\/1"}],"replies":[{"embeddable":true,"href":"https:\/\/agora.xtec.cat\/ceip-jbserra-alcanar\/wp-json\/wp\/v2\/comments?post=4785"}],"version-history":[{"count":4,"href":"https:\/\/agora.xtec.cat\/ceip-jbserra-alcanar\/wp-json\/wp\/v2\/posts\/4785\/revisions"}],"predecessor-version":[{"id":4807,"href":"https:\/\/agora.xtec.cat\/ceip-jbserra-alcanar\/wp-json\/wp\/v2\/posts\/4785\/revisions\/4807"}],"wp:featuredmedia":[{"embeddable":true,"href":"https:\/\/agora.xtec.cat\/ceip-jbserra-alcanar\/wp-json\/wp\/v2\/media\/4788"}],"wp:attachment":[{"href":"https:\/\/agora.xtec.cat\/ceip-jbserra-alcanar\/wp-json\/wp\/v2\/media?parent=4785"}],"wp:term":[{"taxonomy":"category","embeddable":true,"href":"https:\/\/agora.xtec.cat\/ceip-jbserra-alcanar\/wp-json\/wp\/v2\/categories?post=4785"},{"taxonomy":"post_tag","embeddable":true,"href":"https:\/\/agora.xtec.cat\/ceip-jbserra-alcanar\/wp-json\/wp\/v2\/tags?post=4785"}],"curies":[{"name":"wp","href":"https:\/\/api.w.org\/{rel}","templated":true}]}}