{"id":1306,"date":"2017-09-30T19:31:52","date_gmt":"2017-09-30T17:31:52","guid":{"rendered":"http:\/\/agora.xtec.cat\/ceip-jbserra-alcanar\/?p=1306"},"modified":"2020-09-16T10:11:42","modified_gmt":"2020-09-16T08:11:42","slug":"reunions-amb-mares-i-pares-de-lescola","status":"publish","type":"post","link":"https:\/\/agora.xtec.cat\/ceip-jbserra-alcanar\/general\/reunions-amb-mares-i-pares-de-lescola\/","title":{"rendered":"Reunions amb mares i pares de l&#8217;escola"},"content":{"rendered":"<p>&nbsp;<\/p>\n<p style=\"text-align: justify;\"><a href=\"http:\/\/agora.xtec.cat\/ceip-jbserra-alcanar\/wp-content\/uploads\/usu286\/2017\/09\/1024.jpg\"><img loading=\"lazy\" decoding=\"async\" class=\"wp-image-1304 aligncenter\" src=\"http:\/\/agora.xtec.cat\/ceip-jbserra-alcanar\/wp-content\/uploads\/usu286\/2017\/09\/1024-300x142.jpg\" alt=\"\" width=\"578\" height=\"273\" srcset=\"https:\/\/agora.xtec.cat\/ceip-jbserra-alcanar\/wp-content\/uploads\/usu286\/2017\/09\/1024-300x142.jpg 300w, https:\/\/agora.xtec.cat\/ceip-jbserra-alcanar\/wp-content\/uploads\/usu286\/2017\/09\/1024-768x362.jpg 768w, https:\/\/agora.xtec.cat\/ceip-jbserra-alcanar\/wp-content\/uploads\/usu286\/2017\/09\/1024.jpg 1024w\" sizes=\"auto, (max-width: 578px) 100vw, 578px\" \/><\/a><\/p>\n<p style=\"text-align: justify;\">Al llarg d&#8217;aquest mes de setembre s&#8217;han anat realitzant reunions de mares i pares amb el tutor o tutora de l&#8217;alumnat de l&#8217;escola. Aquestes reunions esdevenen molt importants per tal que tutors i pares es puguen con\u00e8ixer, i \u00e9s el moment per a rebre la informaci\u00f3\u00a0m\u00e9s rellevant del nou curs escolar: horaris de l&#8217;alumne, professorat, sortides previstes, normativa, &#8230; Tamb\u00e9 \u00e9s el moment per preguntar i esclarir qualsevol dubte que puga sorgir.<\/p>\n<p style=\"text-align: justify;\">Des de l&#8217;escola volem agrair la implicaci\u00f3 de les fam\u00edlies, ja que la col\u00b7laboraci\u00f3 entre\u00a0uns i altres \u00e9s clau per a l&#8217;\u00e8xit educatiu dels nostres xiquets i xiquetes. Recordeu que mitjan\u00e7ant les reunions individuals amb el tutor o tutora al llarg del curs, aquesta col\u00b7laboraci\u00f3\u00a0t\u00e9 la continu\u00eftat que necessita, i us animem a realitzar-les cada cop que en tingueu necessitat.<\/p>\n","protected":false},"excerpt":{"rendered":"<p>&nbsp; Al llarg d&#8217;aquest mes de setembre s&#8217;han anat realitzant reunions de mares i pares amb el tutor o tutora de l&#8217;alumnat de l&#8217;escola. Aquestes reunions esdevenen molt importants per tal que tutors i pares es puguen con\u00e8ixer, i \u00e9s el moment per a rebre la informaci\u00f3\u00a0m\u00e9s rellevant del nou curs escolar: horaris de l&#8217;alumne, [&hellip;]<\/p>\n","protected":false},"author":1,"featured_media":1304,"comment_status":"open","ping_status":"closed","sticky":false,"template":"","format":"standard","meta":{"_bbp_topic_count":0,"_bbp_reply_count":0,"_bbp_total_topic_count":0,"_bbp_total_reply_count":0,"_bbp_voice_count":0,"_bbp_anonymous_reply_count":0,"_bbp_topic_count_hidden":0,"_bbp_reply_count_hidden":0,"_bbp_forum_subforum_count":0,"site-sidebar-layout":"default","site-content-layout":"","ast-site-content-layout":"","site-content-style":"default","site-sidebar-style":"default","ast-global-header-display":"","ast-banner-title-visibility":"","ast-main-header-display":"","ast-hfb-above-header-display":"","ast-hfb-below-header-display":"","ast-hfb-mobile-header-display":"","site-post-title":"","ast-breadcrumbs-content":"","ast-featured-img":"","footer-sml-layout":"","theme-transparent-header-meta":"","adv-header-id-meta":"","stick-header-meta":"","header-above-stick-meta":"","header-main-stick-meta":"","header-below-stick-meta":"","astra-migrate-meta-layouts":"default","ast-page-background-enabled":"default","ast-page-background-meta":{"desktop":{"background-color":"var(--ast-global-color-4)","background-image":"","background-repeat":"repeat","background-position":"center center","background-size":"auto","background-attachment":"scroll","background-type":"","background-media":"","overlay-type":"","overlay-color":"","overlay-opacity":"","overlay-gradient":""},"tablet":{"background-color":"","background-image":"","background-repeat":"repeat","background-position":"center center","background-size":"auto","background-attachment":"scroll","background-type":"","background-media":"","overlay-type":"","overlay-color":"","overlay-opacity":"","overlay-gradient":""},"mobile":{"background-color":"","background-image":"","background-repeat":"repeat","background-position":"center center","background-size":"auto","background-attachment":"scroll","background-type":"","background-media":"","overlay-type":"","overlay-color":"","overlay-opacity":"","overlay-gradient":""}},"ast-content-background-meta":{"desktop":{"background-color":"var(--ast-global-color-5)","background-image":"","background-repeat":"repeat","background-position":"center center","background-size":"auto","background-attachment":"scroll","background-type":"","background-media":"","overlay-type":"","overlay-color":"","overlay-opacity":"","overlay-gradient":""},"tablet":{"background-color":"var(--ast-global-color-5)","background-image":"","background-repeat":"repeat","background-position":"center center","background-size":"auto","background-attachment":"scroll","background-type":"","background-media":"","overlay-type":"","overlay-color":"","overlay-opacity":"","overlay-gradient":""},"mobile":{"background-color":"var(--ast-global-color-5)","background-image":"","background-repeat":"repeat","background-position":"center center","background-size":"auto","background-attachment":"scroll","background-type":"","background-media":"","overlay-type":"","overlay-color":"","overlay-opacity":"","overlay-gradient":""}},"footnotes":""},"categories":[1,4],"tags":[102,63,61],"class_list":["post-1306","post","type-post","status-publish","format-standard","has-post-thumbnail","hentry","category-general","category-portada","tag-curs-2017-2018","tag-families","tag-reunions"],"post_mailing_queue_ids":[],"_links":{"self":[{"href":"https:\/\/agora.xtec.cat\/ceip-jbserra-alcanar\/wp-json\/wp\/v2\/posts\/1306","targetHints":{"allow":["GET"]}}],"collection":[{"href":"https:\/\/agora.xtec.cat\/ceip-jbserra-alcanar\/wp-json\/wp\/v2\/posts"}],"about":[{"href":"https:\/\/agora.xtec.cat\/ceip-jbserra-alcanar\/wp-json\/wp\/v2\/types\/post"}],"author":[{"embeddable":true,"href":"https:\/\/agora.xtec.cat\/ceip-jbserra-alcanar\/wp-json\/wp\/v2\/users\/1"}],"replies":[{"embeddable":true,"href":"https:\/\/agora.xtec.cat\/ceip-jbserra-alcanar\/wp-json\/wp\/v2\/comments?post=1306"}],"version-history":[{"count":3,"href":"https:\/\/agora.xtec.cat\/ceip-jbserra-alcanar\/wp-json\/wp\/v2\/posts\/1306\/revisions"}],"predecessor-version":[{"id":1319,"href":"https:\/\/agora.xtec.cat\/ceip-jbserra-alcanar\/wp-json\/wp\/v2\/posts\/1306\/revisions\/1319"}],"wp:featuredmedia":[{"embeddable":true,"href":"https:\/\/agora.xtec.cat\/ceip-jbserra-alcanar\/wp-json\/wp\/v2\/media\/1304"}],"wp:attachment":[{"href":"https:\/\/agora.xtec.cat\/ceip-jbserra-alcanar\/wp-json\/wp\/v2\/media?parent=1306"}],"wp:term":[{"taxonomy":"category","embeddable":true,"href":"https:\/\/agora.xtec.cat\/ceip-jbserra-alcanar\/wp-json\/wp\/v2\/categories?post=1306"},{"taxonomy":"post_tag","embeddable":true,"href":"https:\/\/agora.xtec.cat\/ceip-jbserra-alcanar\/wp-json\/wp\/v2\/tags?post=1306"}],"curies":[{"name":"wp","href":"https:\/\/api.w.org\/{rel}","templated":true}]}}