{"id":11011,"date":"2026-09-02T11:08:12","date_gmt":"2026-09-02T09:08:12","guid":{"rendered":"https:\/\/agora.xtec.cat\/ceip-jbserra-alcanar\/?p=11011"},"modified":"2026-09-02T11:56:01","modified_gmt":"2026-09-02T09:56:01","slug":"reunio-dinici-de-curs-di3","status":"publish","type":"post","link":"https:\/\/agora.xtec.cat\/ceip-jbserra-alcanar\/general\/reunio-dinici-de-curs-di3\/","title":{"rendered":"REUNI\u00d3 D&#8217;INICI DE CURS D&#8217;I3"},"content":{"rendered":"<p>Benvolgudes fam\u00edlies d\u2019I3,<\/p>\n<p>Us informem que el proper\u00a0<b>divendres 4 de setembre, a les 13.00h<\/b>, tindr\u00e0 lloc la reuni\u00f3 d\u2019inici de curs al gimn\u00e0s de l\u2019escola.<\/p>\n<p>L\u2019acc\u00e9s ser\u00e0 per la porta d&#8217;acc\u00e9s 2, concretament per la porta petita de fusta.<\/p>\n<p>En aquesta trobada les tutores d&#8217;I3 us explicaran els aspectes m\u00e9s importants relacionats amb l\u2019inici del curs i el funcionament del grup, i aprofitaran per resoldre els dubtes i les q\u00fcestions que pugueu tenir.<\/p>\n<p>Us hi esperem!<\/p>\n<p>Cordialment,<\/p>\n<p>L\u2019Equip Directiu<\/p>\n<p><img loading=\"lazy\" decoding=\"async\" class=\"aligncenter  wp-image-11013\" src=\"https:\/\/agora.xtec.cat\/ceip-jbserra-alcanar\/wp-content\/uploads\/usu286\/2026\/09\/b3ae073d-b7cf-452e-8c57-a6a541b5f9e4.png\" alt=\"\" width=\"960\" height=\"640\" srcset=\"https:\/\/agora.xtec.cat\/ceip-jbserra-alcanar\/wp-content\/uploads\/usu286\/2026\/09\/b3ae073d-b7cf-452e-8c57-a6a541b5f9e4.png 1536w, https:\/\/agora.xtec.cat\/ceip-jbserra-alcanar\/wp-content\/uploads\/usu286\/2026\/09\/b3ae073d-b7cf-452e-8c57-a6a541b5f9e4-300x200.png 300w, https:\/\/agora.xtec.cat\/ceip-jbserra-alcanar\/wp-content\/uploads\/usu286\/2026\/09\/b3ae073d-b7cf-452e-8c57-a6a541b5f9e4-1024x683.png 1024w, https:\/\/agora.xtec.cat\/ceip-jbserra-alcanar\/wp-content\/uploads\/usu286\/2026\/09\/b3ae073d-b7cf-452e-8c57-a6a541b5f9e4-768x512.png 768w\" sizes=\"auto, (max-width: 960px) 100vw, 960px\" \/><\/p>\n","protected":false},"excerpt":{"rendered":"<p>Benvolgudes fam\u00edlies d\u2019I3, Us informem que el proper\u00a0divendres 4 de setembre, a les 13.00h, tindr\u00e0 lloc la reuni\u00f3 d\u2019inici de curs al gimn\u00e0s de l\u2019escola. L\u2019acc\u00e9s ser\u00e0 per la porta d&#8217;acc\u00e9s 2, concretament per la porta petita de fusta. En aquesta trobada les tutores d&#8217;I3 us explicaran els aspectes m\u00e9s importants relacionats amb l\u2019inici del [&hellip;]<\/p>\n","protected":false},"author":1,"featured_media":11013,"comment_status":"open","ping_status":"open","sticky":false,"template":"","format":"standard","meta":{"_bbp_topic_count":0,"_bbp_reply_count":0,"_bbp_total_topic_count":0,"_bbp_total_reply_count":0,"_bbp_voice_count":0,"_bbp_anonymous_reply_count":0,"_bbp_topic_count_hidden":0,"_bbp_reply_count_hidden":0,"_bbp_forum_subforum_count":0,"site-sidebar-layout":"default","site-content-layout":"","ast-site-content-layout":"default","site-content-style":"default","site-sidebar-style":"default","ast-global-header-display":"","ast-banner-title-visibility":"","ast-main-header-display":"","ast-hfb-above-header-display":"","ast-hfb-below-header-display":"","ast-hfb-mobile-header-display":"","site-post-title":"","ast-breadcrumbs-content":"","ast-featured-img":"","footer-sml-layout":"","theme-transparent-header-meta":"default","adv-header-id-meta":"","stick-header-meta":"","header-above-stick-meta":"","header-main-stick-meta":"","header-below-stick-meta":"","astra-migrate-meta-layouts":"set","ast-page-background-enabled":"default","ast-page-background-meta":{"desktop":{"background-color":"var(--ast-global-color-4)","background-image":"","background-repeat":"repeat","background-position":"center center","background-size":"auto","background-attachment":"scroll","background-type":"","background-media":"","overlay-type":"","overlay-color":"","overlay-opacity":"","overlay-gradient":""},"tablet":{"background-color":"","background-image":"","background-repeat":"repeat","background-position":"center center","background-size":"auto","background-attachment":"scroll","background-type":"","background-media":"","overlay-type":"","overlay-color":"","overlay-opacity":"","overlay-gradient":""},"mobile":{"background-color":"","background-image":"","background-repeat":"repeat","background-position":"center center","background-size":"auto","background-attachment":"scroll","background-type":"","background-media":"","overlay-type":"","overlay-color":"","overlay-opacity":"","overlay-gradient":""}},"ast-content-background-meta":{"desktop":{"background-color":"var(--ast-global-color-5)","background-image":"","background-repeat":"repeat","background-position":"center center","background-size":"auto","background-attachment":"scroll","background-type":"","background-media":"","overlay-type":"","overlay-color":"","overlay-opacity":"","overlay-gradient":""},"tablet":{"background-color":"var(--ast-global-color-5)","background-image":"","background-repeat":"repeat","background-position":"center center","background-size":"auto","background-attachment":"scroll","background-type":"","background-media":"","overlay-type":"","overlay-color":"","overlay-opacity":"","overlay-gradient":""},"mobile":{"background-color":"var(--ast-global-color-5)","background-image":"","background-repeat":"repeat","background-position":"center center","background-size":"auto","background-attachment":"scroll","background-type":"","background-media":"","overlay-type":"","overlay-color":"","overlay-opacity":"","overlay-gradient":""}},"footnotes":""},"categories":[1,4],"tags":[],"class_list":["post-11011","post","type-post","status-publish","format-standard","has-post-thumbnail","hentry","category-general","category-portada"],"post_mailing_queue_ids":[],"_links":{"self":[{"href":"https:\/\/agora.xtec.cat\/ceip-jbserra-alcanar\/wp-json\/wp\/v2\/posts\/11011","targetHints":{"allow":["GET"]}}],"collection":[{"href":"https:\/\/agora.xtec.cat\/ceip-jbserra-alcanar\/wp-json\/wp\/v2\/posts"}],"about":[{"href":"https:\/\/agora.xtec.cat\/ceip-jbserra-alcanar\/wp-json\/wp\/v2\/types\/post"}],"author":[{"embeddable":true,"href":"https:\/\/agora.xtec.cat\/ceip-jbserra-alcanar\/wp-json\/wp\/v2\/users\/1"}],"replies":[{"embeddable":true,"href":"https:\/\/agora.xtec.cat\/ceip-jbserra-alcanar\/wp-json\/wp\/v2\/comments?post=11011"}],"version-history":[{"count":2,"href":"https:\/\/agora.xtec.cat\/ceip-jbserra-alcanar\/wp-json\/wp\/v2\/posts\/11011\/revisions"}],"predecessor-version":[{"id":11014,"href":"https:\/\/agora.xtec.cat\/ceip-jbserra-alcanar\/wp-json\/wp\/v2\/posts\/11011\/revisions\/11014"}],"wp:featuredmedia":[{"embeddable":true,"href":"https:\/\/agora.xtec.cat\/ceip-jbserra-alcanar\/wp-json\/wp\/v2\/media\/11013"}],"wp:attachment":[{"href":"https:\/\/agora.xtec.cat\/ceip-jbserra-alcanar\/wp-json\/wp\/v2\/media?parent=11011"}],"wp:term":[{"taxonomy":"category","embeddable":true,"href":"https:\/\/agora.xtec.cat\/ceip-jbserra-alcanar\/wp-json\/wp\/v2\/categories?post=11011"},{"taxonomy":"post_tag","embeddable":true,"href":"https:\/\/agora.xtec.cat\/ceip-jbserra-alcanar\/wp-json\/wp\/v2\/tags?post=11011"}],"curies":[{"name":"wp","href":"https:\/\/api.w.org\/{rel}","templated":true}]}}