{"id":10795,"date":"2026-03-11T11:41:06","date_gmt":"2026-03-11T10:41:06","guid":{"rendered":"https:\/\/agora.xtec.cat\/ceip-jbserra-alcanar\/?p=10795"},"modified":"2026-03-11T11:41:06","modified_gmt":"2026-03-11T10:41:06","slug":"sortida-al-mercat-i3","status":"publish","type":"post","link":"https:\/\/agora.xtec.cat\/ceip-jbserra-alcanar\/general\/sortida-al-mercat-i3\/","title":{"rendered":"Sortida al mercat I3"},"content":{"rendered":"<p style=\"text-align: justify;\"><span style=\"font-family: tahoma, arial, helvetica, sans-serif; font-size: 12pt;\">El passat dijous 26 de febrer, les xiquetes i els xiquets d&#8217;I3 vam fer una sortida al mercat d&#8217;Alcanar. Com que \u00e9s hivern, sab\u00edem que trobar\u00edem tot de verdures i fruites d&#8217;esta \u00e8poca de l&#8217;any: carxofes, espinacs, cols, coliflors, bledes, taronges, llimes, &#8230; Per\u00f2 vam descobrir que s&#8217;hi venen moltes m\u00e9s coses en un mercat!<\/span><\/p>\n<p style=\"text-align: justify;\"><span style=\"font-family: tahoma, arial, helvetica, sans-serif; font-size: 12pt;\">Hi havia peixateries on hi venien sardina, moll, s\u00e8pia, rap, &#8230; i un munt m\u00e9s de peixos diferents. Hi havia tamb\u00e9 una paradeta on tenien olives de tot tipus, i una altra amb formatges i embotits. A fora hi venien roba i sabates, i hi havia un lloc que rostien pollastres. Feia molt bona olor i alguns ja vam comen\u00e7ar a tindre gana!<\/span><\/p>\n<p style=\"text-align: justify;\"><span style=\"font-family: tahoma, arial, helvetica, sans-serif; font-size: 12pt;\">En entrar a la verduleria vam quedar sorpresos de la quantitat de fruites i verdures diferents que hi havia, i encara vam quedar m\u00e9s sorpresos quan ens van regalar un pl\u00e0tan a cadasc\u00fa. Que b\u00e9! Ens el vam guardar a la motxilla per a esmorzar despr\u00e9s.\u00a0Ja nom\u00e9s ens faltava visitar la panaderia. All\u00ed ens van ensenyar com es fan els pastissets i tamb\u00e9 ens fan fer un regal: una llesqueta de pa bon\u00edssima!<\/span><\/p>\n<p style=\"text-align: justify;\" align=\"justify\"><span style=\"font-family: tahoma, arial, helvetica, sans-serif; font-size: 12pt;\">Despr\u00e9s de la visita al mercat, vam anar cap al parc per a esmorzar i jugar. No sabeu el que vam arribar a xalar!\u00a0Quan vam tornar a l\u2019escola la veritat \u00e9s que est\u00e0vem molt cansats, per\u00f2 tamb\u00e9 molt contents del mat\u00ed especial que vam passar tots junts.<\/span><\/p>\n<p style=\"text-align: justify;\" align=\"justify\"><span style=\"font-family: tahoma, arial, helvetica, sans-serif; font-size: 12pt;\">Volem agrair a la policia local que ens va acompanyar, a la botiga de <em>Les Merc\u00e8s<\/em>, a la panaderia de <em>Roque<\/em> i a les venedores i venedors del mercat, els detalls que van tindre amb nosaltres i l\u2019estoneta que ens van voler dedicar. Gr\u00e0cies!<\/span><\/p>\n<p style=\"text-align: center;\" align=\"justify\"><a href=\"https:\/\/photos.app.goo.gl\/1JAws9jgUus16v9i8\" target=\"_blank\" rel=\"noopener\"><img loading=\"lazy\" decoding=\"async\" class=\"alignnone size-large wp-image-10800\" src=\"https:\/\/agora.xtec.cat\/ceip-jbserra-alcanar\/wp-content\/uploads\/usu286\/2026\/03\/1772111903711-1-1024x461.jpg\" alt=\"\" width=\"1024\" height=\"461\" srcset=\"https:\/\/agora.xtec.cat\/ceip-jbserra-alcanar\/wp-content\/uploads\/usu286\/2026\/03\/1772111903711-1-1024x461.jpg 1024w, https:\/\/agora.xtec.cat\/ceip-jbserra-alcanar\/wp-content\/uploads\/usu286\/2026\/03\/1772111903711-1-300x135.jpg 300w, https:\/\/agora.xtec.cat\/ceip-jbserra-alcanar\/wp-content\/uploads\/usu286\/2026\/03\/1772111903711-1-768x346.jpg 768w, https:\/\/agora.xtec.cat\/ceip-jbserra-alcanar\/wp-content\/uploads\/usu286\/2026\/03\/1772111903711-1.jpg 1333w\" sizes=\"auto, (max-width: 1024px) 100vw, 1024px\" \/><\/a><\/p>\n<p style=\"text-align: center;\" align=\"justify\"><em><span style=\"font-family: tahoma, arial, helvetica, sans-serif; font-size: 8pt;\">( Podeu vore fotos de lla sortida fent clic a l&#8217;<a href=\"https:\/\/photos.app.goo.gl\/1JAws9jgUus16v9i8\" target=\"_blank\" rel=\"noopener\"><span style=\"color: #0000ff;\">enlla\u00e7<\/span><\/a> )<\/span><\/em><\/p>\n","protected":false},"excerpt":{"rendered":"<p>El passat dijous 26 de febrer, les xiquetes i els xiquets d&#8217;I3 vam fer una sortida al mercat d&#8217;Alcanar. Com que \u00e9s hivern, sab\u00edem que trobar\u00edem tot de verdures i fruites d&#8217;esta \u00e8poca de l&#8217;any: carxofes, espinacs, cols, coliflors, bledes, taronges, llimes, &#8230; Per\u00f2 vam descobrir que s&#8217;hi venen moltes m\u00e9s coses en un mercat! [&hellip;]<\/p>\n","protected":false},"author":5,"featured_media":10797,"comment_status":"open","ping_status":"open","sticky":false,"template":"","format":"standard","meta":{"_bbp_topic_count":0,"_bbp_reply_count":0,"_bbp_total_topic_count":0,"_bbp_total_reply_count":0,"_bbp_voice_count":0,"_bbp_anonymous_reply_count":0,"_bbp_topic_count_hidden":0,"_bbp_reply_count_hidden":0,"_bbp_forum_subforum_count":0,"site-sidebar-layout":"default","site-content-layout":"","ast-site-content-layout":"default","site-content-style":"default","site-sidebar-style":"default","ast-global-header-display":"","ast-banner-title-visibility":"","ast-main-header-display":"","ast-hfb-above-header-display":"","ast-hfb-below-header-display":"","ast-hfb-mobile-header-display":"","site-post-title":"","ast-breadcrumbs-content":"","ast-featured-img":"","footer-sml-layout":"","theme-transparent-header-meta":"default","adv-header-id-meta":"","stick-header-meta":"","header-above-stick-meta":"","header-main-stick-meta":"","header-below-stick-meta":"","astra-migrate-meta-layouts":"set","ast-page-background-enabled":"default","ast-page-background-meta":{"desktop":{"background-color":"var(--ast-global-color-4)","background-image":"","background-repeat":"repeat","background-position":"center center","background-size":"auto","background-attachment":"scroll","background-type":"","background-media":"","overlay-type":"","overlay-color":"","overlay-opacity":"","overlay-gradient":""},"tablet":{"background-color":"","background-image":"","background-repeat":"repeat","background-position":"center center","background-size":"auto","background-attachment":"scroll","background-type":"","background-media":"","overlay-type":"","overlay-color":"","overlay-opacity":"","overlay-gradient":""},"mobile":{"background-color":"","background-image":"","background-repeat":"repeat","background-position":"center center","background-size":"auto","background-attachment":"scroll","background-type":"","background-media":"","overlay-type":"","overlay-color":"","overlay-opacity":"","overlay-gradient":""}},"ast-content-background-meta":{"desktop":{"background-color":"var(--ast-global-color-5)","background-image":"","background-repeat":"repeat","background-position":"center center","background-size":"auto","background-attachment":"scroll","background-type":"","background-media":"","overlay-type":"","overlay-color":"","overlay-opacity":"","overlay-gradient":""},"tablet":{"background-color":"var(--ast-global-color-5)","background-image":"","background-repeat":"repeat","background-position":"center center","background-size":"auto","background-attachment":"scroll","background-type":"","background-media":"","overlay-type":"","overlay-color":"","overlay-opacity":"","overlay-gradient":""},"mobile":{"background-color":"var(--ast-global-color-5)","background-image":"","background-repeat":"repeat","background-position":"center center","background-size":"auto","background-attachment":"scroll","background-type":"","background-media":"","overlay-type":"","overlay-color":"","overlay-opacity":"","overlay-gradient":""}},"footnotes":""},"categories":[1,3,2,4],"tags":[380,75,111,16],"class_list":["post-10795","post","type-post","status-publish","format-standard","has-post-thumbnail","hentry","category-general","category-i3","category-infantil","category-portada","tag-curs-2025-2026","tag-educacio-infantil","tag-entorn","tag-sortides"],"post_mailing_queue_ids":[],"_links":{"self":[{"href":"https:\/\/agora.xtec.cat\/ceip-jbserra-alcanar\/wp-json\/wp\/v2\/posts\/10795","targetHints":{"allow":["GET"]}}],"collection":[{"href":"https:\/\/agora.xtec.cat\/ceip-jbserra-alcanar\/wp-json\/wp\/v2\/posts"}],"about":[{"href":"https:\/\/agora.xtec.cat\/ceip-jbserra-alcanar\/wp-json\/wp\/v2\/types\/post"}],"author":[{"embeddable":true,"href":"https:\/\/agora.xtec.cat\/ceip-jbserra-alcanar\/wp-json\/wp\/v2\/users\/5"}],"replies":[{"embeddable":true,"href":"https:\/\/agora.xtec.cat\/ceip-jbserra-alcanar\/wp-json\/wp\/v2\/comments?post=10795"}],"version-history":[{"count":6,"href":"https:\/\/agora.xtec.cat\/ceip-jbserra-alcanar\/wp-json\/wp\/v2\/posts\/10795\/revisions"}],"predecessor-version":[{"id":10808,"href":"https:\/\/agora.xtec.cat\/ceip-jbserra-alcanar\/wp-json\/wp\/v2\/posts\/10795\/revisions\/10808"}],"wp:featuredmedia":[{"embeddable":true,"href":"https:\/\/agora.xtec.cat\/ceip-jbserra-alcanar\/wp-json\/wp\/v2\/media\/10797"}],"wp:attachment":[{"href":"https:\/\/agora.xtec.cat\/ceip-jbserra-alcanar\/wp-json\/wp\/v2\/media?parent=10795"}],"wp:term":[{"taxonomy":"category","embeddable":true,"href":"https:\/\/agora.xtec.cat\/ceip-jbserra-alcanar\/wp-json\/wp\/v2\/categories?post=10795"},{"taxonomy":"post_tag","embeddable":true,"href":"https:\/\/agora.xtec.cat\/ceip-jbserra-alcanar\/wp-json\/wp\/v2\/tags?post=10795"}],"curies":[{"name":"wp","href":"https:\/\/api.w.org\/{rel}","templated":true}]}}