{"id":10761,"date":"2026-03-11T12:16:50","date_gmt":"2026-03-11T11:16:50","guid":{"rendered":"https:\/\/agora.xtec.cat\/ceip-jbserra-alcanar\/?p=10761"},"modified":"2026-03-13T11:02:14","modified_gmt":"2026-03-13T10:02:14","slug":"llengua-i-cohesio-social-21-de-febrer","status":"publish","type":"post","link":"https:\/\/agora.xtec.cat\/ceip-jbserra-alcanar\/general\/llengua-i-cohesio-social-21-de-febrer\/","title":{"rendered":"Llengua i Cohesi\u00f3 Social: 21 de febrer"},"content":{"rendered":"<p><strong>21 de febrer, <a href=\"https:\/\/projectes.xtec.cat\/origen\/general\/dia-de-la-llengua-materna-2026\/\">dia internacional de la llengua<\/a><\/strong><strong> materna (DILM)<\/strong><\/p>\n<p>Les fam\u00edlies tamb\u00e9 van participar en una activitat ling\u00fc\u00edstica oberta a l&#8217;entorn amb col\u00b7laboraci\u00f3, especialment per als aprenents inicials, per con\u00e8ixer algunes paraules significatives de la llengua amb que van aprendre a parlar els xiquets i les xiquetes de l&#8217;escola.<\/p>\n<p>Un recull de paraules escrites, a un paper rectangular de color, com objectes la majoria entre altres com plantes, animals, expressions d&#8217;emocions positives&#8230; escrites totes elles amb les respectives lleng\u00fces maternes de l&#8217;alumnat i tamb\u00e9 amb la llengua catalana eina vehicular d&#8217;aprenentatge i comunicaci\u00f3 de l&#8217;escola.<\/p>\n<p>Tal com apareix a la imatge fotografiada amb m\u00e9s detall, paraules\u00a0 acompanyades d&#8217;un dibuix\u00a0 per donar sentit personal i expressi\u00f3 art\u00edstica a la llengua escrita i parlada.<\/p>\n<p>Al clicar la imatge es poden veure fotografies de l&#8217;exposici\u00f3 de dibuixos i paraules que decoren l&#8217;entrada de l&#8217;edifici principal de l&#8217;escola Joan Baptista Serra.<\/p>\n<p><a href=\"https:\/\/photos.app.goo.gl\/Bs1zFkAgRzSjwgDeA\"><img loading=\"lazy\" decoding=\"async\" class=\"alignleft wp-image-10809 size-full\" src=\"https:\/\/agora.xtec.cat\/ceip-jbserra-alcanar\/wp-content\/uploads\/usu286\/2026\/03\/llengues-maternes.jpg\" alt=\"\" width=\"281\" height=\"466\" srcset=\"https:\/\/agora.xtec.cat\/ceip-jbserra-alcanar\/wp-content\/uploads\/usu286\/2026\/03\/llengues-maternes.jpg 281w, https:\/\/agora.xtec.cat\/ceip-jbserra-alcanar\/wp-content\/uploads\/usu286\/2026\/03\/llengues-maternes-181x300.jpg 181w\" sizes=\"auto, (max-width: 281px) 100vw, 281px\" \/><\/a><\/p>\n","protected":false},"excerpt":{"rendered":"<p>21 de febrer, dia internacional de la llengua materna (DILM) Les fam\u00edlies tamb\u00e9 van participar en una activitat ling\u00fc\u00edstica oberta a l&#8217;entorn amb col\u00b7laboraci\u00f3, especialment per als aprenents inicials, per con\u00e8ixer algunes paraules significatives de la llengua amb que van aprendre a parlar els xiquets i les xiquetes de l&#8217;escola. Un recull de paraules escrites, [&hellip;]<\/p>\n","protected":false},"author":36,"featured_media":10809,"comment_status":"open","ping_status":"open","sticky":false,"template":"","format":"standard","meta":{"_bbp_topic_count":0,"_bbp_reply_count":0,"_bbp_total_topic_count":0,"_bbp_total_reply_count":0,"_bbp_voice_count":0,"_bbp_anonymous_reply_count":0,"_bbp_topic_count_hidden":0,"_bbp_reply_count_hidden":0,"_bbp_forum_subforum_count":0,"site-sidebar-layout":"default","site-content-layout":"","ast-site-content-layout":"default","site-content-style":"default","site-sidebar-style":"default","ast-global-header-display":"","ast-banner-title-visibility":"","ast-main-header-display":"","ast-hfb-above-header-display":"","ast-hfb-below-header-display":"","ast-hfb-mobile-header-display":"","site-post-title":"","ast-breadcrumbs-content":"","ast-featured-img":"","footer-sml-layout":"","theme-transparent-header-meta":"default","adv-header-id-meta":"","stick-header-meta":"","header-above-stick-meta":"","header-main-stick-meta":"","header-below-stick-meta":"","astra-migrate-meta-layouts":"set","ast-page-background-enabled":"default","ast-page-background-meta":{"desktop":{"background-color":"var(--ast-global-color-4)","background-image":"","background-repeat":"repeat","background-position":"center center","background-size":"auto","background-attachment":"scroll","background-type":"","background-media":"","overlay-type":"","overlay-color":"","overlay-opacity":"","overlay-gradient":""},"tablet":{"background-color":"","background-image":"","background-repeat":"repeat","background-position":"center center","background-size":"auto","background-attachment":"scroll","background-type":"","background-media":"","overlay-type":"","overlay-color":"","overlay-opacity":"","overlay-gradient":""},"mobile":{"background-color":"","background-image":"","background-repeat":"repeat","background-position":"center center","background-size":"auto","background-attachment":"scroll","background-type":"","background-media":"","overlay-type":"","overlay-color":"","overlay-opacity":"","overlay-gradient":""}},"ast-content-background-meta":{"desktop":{"background-color":"var(--ast-global-color-5)","background-image":"","background-repeat":"repeat","background-position":"center center","background-size":"auto","background-attachment":"scroll","background-type":"","background-media":"","overlay-type":"","overlay-color":"","overlay-opacity":"","overlay-gradient":""},"tablet":{"background-color":"var(--ast-global-color-5)","background-image":"","background-repeat":"repeat","background-position":"center center","background-size":"auto","background-attachment":"scroll","background-type":"","background-media":"","overlay-type":"","overlay-color":"","overlay-opacity":"","overlay-gradient":""},"mobile":{"background-color":"var(--ast-global-color-5)","background-image":"","background-repeat":"repeat","background-position":"center center","background-size":"auto","background-attachment":"scroll","background-type":"","background-media":"","overlay-type":"","overlay-color":"","overlay-opacity":"","overlay-gradient":""}},"footnotes":""},"categories":[1,4],"tags":[388,239,107,389],"class_list":["post-10761","post","type-post","status-publish","format-standard","has-post-thumbnail","hentry","category-general","category-portada","tag-aula-acollida","tag-biblioteca","tag-celebracions","tag-cohesio-social"],"post_mailing_queue_ids":[],"_links":{"self":[{"href":"https:\/\/agora.xtec.cat\/ceip-jbserra-alcanar\/wp-json\/wp\/v2\/posts\/10761","targetHints":{"allow":["GET"]}}],"collection":[{"href":"https:\/\/agora.xtec.cat\/ceip-jbserra-alcanar\/wp-json\/wp\/v2\/posts"}],"about":[{"href":"https:\/\/agora.xtec.cat\/ceip-jbserra-alcanar\/wp-json\/wp\/v2\/types\/post"}],"author":[{"embeddable":true,"href":"https:\/\/agora.xtec.cat\/ceip-jbserra-alcanar\/wp-json\/wp\/v2\/users\/36"}],"replies":[{"embeddable":true,"href":"https:\/\/agora.xtec.cat\/ceip-jbserra-alcanar\/wp-json\/wp\/v2\/comments?post=10761"}],"version-history":[{"count":7,"href":"https:\/\/agora.xtec.cat\/ceip-jbserra-alcanar\/wp-json\/wp\/v2\/posts\/10761\/revisions"}],"predecessor-version":[{"id":10823,"href":"https:\/\/agora.xtec.cat\/ceip-jbserra-alcanar\/wp-json\/wp\/v2\/posts\/10761\/revisions\/10823"}],"wp:featuredmedia":[{"embeddable":true,"href":"https:\/\/agora.xtec.cat\/ceip-jbserra-alcanar\/wp-json\/wp\/v2\/media\/10809"}],"wp:attachment":[{"href":"https:\/\/agora.xtec.cat\/ceip-jbserra-alcanar\/wp-json\/wp\/v2\/media?parent=10761"}],"wp:term":[{"taxonomy":"category","embeddable":true,"href":"https:\/\/agora.xtec.cat\/ceip-jbserra-alcanar\/wp-json\/wp\/v2\/categories?post=10761"},{"taxonomy":"post_tag","embeddable":true,"href":"https:\/\/agora.xtec.cat\/ceip-jbserra-alcanar\/wp-json\/wp\/v2\/tags?post=10761"}],"curies":[{"name":"wp","href":"https:\/\/api.w.org\/{rel}","templated":true}]}}