{"id":8779,"date":"2021-02-04T13:10:16","date_gmt":"2021-02-04T12:10:16","guid":{"rendered":"http:\/\/agora.xtec.cat\/ceip-jbalmes-cervera\/?p=8779"},"modified":"2021-02-15T16:08:27","modified_gmt":"2021-02-15T15:08:27","slug":"setmana-del-carnestoltes","status":"publish","type":"post","link":"https:\/\/agora.xtec.cat\/ceip-jbalmes-cervera\/general\/setmana-del-carnestoltes\/","title":{"rendered":"Setmana de Carnestoltes"},"content":{"rendered":"<p style=\"text-align: center;\">Carnestoltes ha arribat<\/p>\n<p style=\"text-align: center;\">i amb ell la diversi\u00f3.<\/p>\n<p style=\"text-align: center;\">Durant uns dies viurem la festa<\/p>\n<p style=\"text-align: center;\">i ens agradar\u00e0 fer molta gresca.<\/p>\n<p style=\"text-align: center;\">Per\u00f2, ATENCI\u00d3!!!!, unes ordres seguirem<\/p>\n<p style=\"text-align: center;\">ens ho mana el nostre rei:<\/p>\n<p><a href=\"https:\/\/agora.xtec.cat\/ceip-jbalmes-cervera\/wp-content\/uploads\/usu479\/2021\/02\/consignes.jpg\"><img loading=\"lazy\" decoding=\"async\" class=\"alignnone size-large wp-image-8781\" src=\"https:\/\/agora.xtec.cat\/ceip-jbalmes-cervera\/wp-content\/uploads\/usu479\/2021\/02\/consignes-768x1024.jpg\" alt=\"\" width=\"768\" height=\"1024\" srcset=\"https:\/\/agora.xtec.cat\/ceip-jbalmes-cervera\/wp-content\/uploads\/usu479\/2021\/02\/consignes.jpg 768w, https:\/\/agora.xtec.cat\/ceip-jbalmes-cervera\/wp-content\/uploads\/usu479\/2021\/02\/consignes-225x300.jpg 225w\" sizes=\"auto, (max-width: 768px) 100vw, 768px\" \/><\/a><\/p>\n<ul>\n<li style=\"text-align: left;\">El dimarts haureu de portar un complement fet amb cartr\u00f3: ja potser un cintur\u00f3, un collaret, una diadema&#8230;<\/li>\n<li style=\"text-align: left;\">El dimecres haureu de venir vestit amb un complement fet amb paper: una faldilla, una capa, un barret, una corbata&#8230;<\/li>\n<li style=\"text-align: left;\">El dijous haureu de portar un complement fet amb material de pl\u00e0stic.<\/li>\n<li style=\"text-align: left;\">El divendres amb disfressa tots vindrem i llavors s\u00ed que ens divertirem!<\/li>\n<\/ul>\n<p>&nbsp;<\/p>\n<p>Carnestoltes ha arribat i l\u2019avorriment s\u2019ha acabat!<\/p>\n<p>&nbsp;<\/p>\n<p>VISCA EL CARNESTOLTES!!!!!!<\/p>\n","protected":false},"excerpt":{"rendered":"<p>Carnestoltes ha arribat i amb ell la diversi\u00f3. Durant uns dies viurem la festa i ens agradar\u00e0 fer molta gresca. Per\u00f2, ATENCI\u00d3!!!!, unes ordres seguirem ens ho mana el nostre rei: El dimarts haureu de portar un complement fet amb cartr\u00f3: ja potser un cintur\u00f3, un collaret, una diadema&#8230; El dimecres haureu de venir vestit [&hellip;]<\/p>\n","protected":false},"author":1,"featured_media":8782,"comment_status":"open","ping_status":"closed","sticky":false,"template":"","format":"standard","meta":{"_bbp_topic_count":0,"_bbp_reply_count":0,"_bbp_total_topic_count":0,"_bbp_total_reply_count":0,"_bbp_voice_count":0,"_bbp_anonymous_reply_count":0,"_bbp_topic_count_hidden":0,"_bbp_reply_count_hidden":0,"_bbp_forum_subforum_count":0,"site-sidebar-layout":"default","site-content-layout":"","ast-site-content-layout":"","site-content-style":"default","site-sidebar-style":"default","ast-global-header-display":"","ast-banner-title-visibility":"","ast-main-header-display":"","ast-hfb-above-header-display":"","ast-hfb-below-header-display":"","ast-hfb-mobile-header-display":"","site-post-title":"","ast-breadcrumbs-content":"","ast-featured-img":"","footer-sml-layout":"","theme-transparent-header-meta":"","adv-header-id-meta":"","stick-header-meta":"","header-above-stick-meta":"","header-main-stick-meta":"","header-below-stick-meta":"","astra-migrate-meta-layouts":"default","ast-page-background-enabled":"default","ast-page-background-meta":{"desktop":{"background-color":"var(--ast-global-color-4)","background-image":"","background-repeat":"repeat","background-position":"center center","background-size":"auto","background-attachment":"scroll","background-type":"","background-media":"","overlay-type":"","overlay-color":"","overlay-opacity":"","overlay-gradient":""},"tablet":{"background-color":"","background-image":"","background-repeat":"repeat","background-position":"center center","background-size":"auto","background-attachment":"scroll","background-type":"","background-media":"","overlay-type":"","overlay-color":"","overlay-opacity":"","overlay-gradient":""},"mobile":{"background-color":"","background-image":"","background-repeat":"repeat","background-position":"center center","background-size":"auto","background-attachment":"scroll","background-type":"","background-media":"","overlay-type":"","overlay-color":"","overlay-opacity":"","overlay-gradient":""}},"ast-content-background-meta":{"desktop":{"background-color":"var(--ast-global-color-5)","background-image":"","background-repeat":"repeat","background-position":"center center","background-size":"auto","background-attachment":"scroll","background-type":"","background-media":"","overlay-type":"","overlay-color":"","overlay-opacity":"","overlay-gradient":""},"tablet":{"background-color":"var(--ast-global-color-5)","background-image":"","background-repeat":"repeat","background-position":"center center","background-size":"auto","background-attachment":"scroll","background-type":"","background-media":"","overlay-type":"","overlay-color":"","overlay-opacity":"","overlay-gradient":""},"mobile":{"background-color":"var(--ast-global-color-5)","background-image":"","background-repeat":"repeat","background-position":"center center","background-size":"auto","background-attachment":"scroll","background-type":"","background-media":"","overlay-type":"","overlay-color":"","overlay-opacity":"","overlay-gradient":""}},"footnotes":""},"categories":[1,4],"tags":[],"class_list":["post-8779","post","type-post","status-publish","format-standard","has-post-thumbnail","hentry","category-general","category-portada"],"post_mailing_queue_ids":[],"_links":{"self":[{"href":"https:\/\/agora.xtec.cat\/ceip-jbalmes-cervera\/wp-json\/wp\/v2\/posts\/8779","targetHints":{"allow":["GET"]}}],"collection":[{"href":"https:\/\/agora.xtec.cat\/ceip-jbalmes-cervera\/wp-json\/wp\/v2\/posts"}],"about":[{"href":"https:\/\/agora.xtec.cat\/ceip-jbalmes-cervera\/wp-json\/wp\/v2\/types\/post"}],"author":[{"embeddable":true,"href":"https:\/\/agora.xtec.cat\/ceip-jbalmes-cervera\/wp-json\/wp\/v2\/users\/1"}],"replies":[{"embeddable":true,"href":"https:\/\/agora.xtec.cat\/ceip-jbalmes-cervera\/wp-json\/wp\/v2\/comments?post=8779"}],"version-history":[{"count":3,"href":"https:\/\/agora.xtec.cat\/ceip-jbalmes-cervera\/wp-json\/wp\/v2\/posts\/8779\/revisions"}],"predecessor-version":[{"id":8788,"href":"https:\/\/agora.xtec.cat\/ceip-jbalmes-cervera\/wp-json\/wp\/v2\/posts\/8779\/revisions\/8788"}],"wp:featuredmedia":[{"embeddable":true,"href":"https:\/\/agora.xtec.cat\/ceip-jbalmes-cervera\/wp-json\/wp\/v2\/media\/8782"}],"wp:attachment":[{"href":"https:\/\/agora.xtec.cat\/ceip-jbalmes-cervera\/wp-json\/wp\/v2\/media?parent=8779"}],"wp:term":[{"taxonomy":"category","embeddable":true,"href":"https:\/\/agora.xtec.cat\/ceip-jbalmes-cervera\/wp-json\/wp\/v2\/categories?post=8779"},{"taxonomy":"post_tag","embeddable":true,"href":"https:\/\/agora.xtec.cat\/ceip-jbalmes-cervera\/wp-json\/wp\/v2\/tags?post=8779"}],"curies":[{"name":"wp","href":"https:\/\/api.w.org\/{rel}","templated":true}]}}