{"id":8560,"date":"2020-06-05T08:00:48","date_gmt":"2020-06-05T06:00:48","guid":{"rendered":"http:\/\/agora.xtec.cat\/ceip-jbalmes-cervera\/?p=8560"},"modified":"2026-02-07T18:33:08","modified_gmt":"2026-02-07T17:33:08","slug":"dona-la-nota-encara-hi-som-a-temps","status":"publish","type":"post","link":"https:\/\/agora.xtec.cat\/ceip-jbalmes-cervera\/portada\/dona-la-nota-encara-hi-som-a-temps\/","title":{"rendered":"&#8220;DONA LA NOTA -ENCARA HI SOM A TEMPS-&#8220;"},"content":{"rendered":"<p dir=\"ltr\"><span id=\"m_-3235739566446224019docs-internal-guid-964d6d4d-7fff-2577-9286-4a74cd0fe571\">Benvolguts i benvolgudes,<\/span><\/p>\n<p dir=\"ltr\">Avui la nostra escola participa en la campanya &#8220;DONA LA NOTA -Encara hi som a temps-&#8221; per reivindicar la lluita contra el canvi clim\u00e0tic.<\/p>\n<p dir=\"ltr\"><span id=\"m_-3235739566446224019docs-internal-guid-964d6d4d-7fff-2577-9286-4a74cd0fe571\">Aquest ser\u00e0 el desenvolupament de l\u2019acte central. Seguiu-lo!<br \/>\n<\/span><\/p>\n<p dir=\"ltr\"><span id=\"m_-3235739566446224019docs-internal-guid-964d6d4d-7fff-2577-9286-4a74cd0fe571\">A les 11h del mat\u00ed, des del Museu Vil\u00b7la Casals del Vendrell, podreu veure en directe mitjan\u00e7ant la Xarxa de Televisions Locals dins el programa \u201cBen trobats\u201d o al portal de <a href=\"https:\/\/4u36e.r.a.d.sendibm1.com\/mk\/cl\/f\/qxCo-PVv-daTe3Crr5exIrCDfxmZC3ht6SW_edfMefwBbvJDZgwI2_hwzwV-hfyAIwBvSzbDDAWN5M9-PVa7EGB_cYL3b4s23h4rjLpPS-n2irGLcYhuftI_eEBScPMFRO9T5MDCtI_kykZZCTdF9mLJeQVheytGK5S9lswjNRtLoNVxmMQvejFPZo5yxgMP4IM\" target=\"_blank\" rel=\"noopener noreferrer\" data-saferedirecturl=\"https:\/\/www.google.com\/url?q=https:\/\/4u36e.r.a.d.sendibm1.com\/mk\/cl\/f\/qxCo-PVv-daTe3Crr5exIrCDfxmZC3ht6SW_edfMefwBbvJDZgwI2_hwzwV-hfyAIwBvSzbDDAWN5M9-PVa7EGB_cYL3b4s23h4rjLpPS-n2irGLcYhuftI_eEBScPMFRO9T5MDCtI_kykZZCTdF9mLJeQVheytGK5S9lswjNRtLoNVxmMQvejFPZo5yxgMP4IM&amp;source=gmail&amp;ust=1591390890756000&amp;usg=AFQjCNFC-rzlg80C8SU5k5uc4s03-Vsmdw\">DONA LA NOTA<\/a> la retransmissi\u00f3 d\u2019aquests continguts:<\/span><\/p>\n<ol dir=\"ltr\">\n<li role=\"presentation\"><span id=\"m_-3235739566446224019docs-internal-guid-964d6d4d-7fff-2577-9286-4a74cd0fe571\">Entrevista a David Melgar, director del Camp d\u2019Aprenentatge Pau Casals del Vendrell per explicar el desenvolupament i continu\u00eftat del projecte. <strong>(Youtube live i Xarxa TV)<\/strong><\/span><\/li>\n<li role=\"presentation\"><span id=\"m_-3235739566446224019docs-internal-guid-964d6d4d-7fff-2577-9286-4a74cd0fe571\">Interpretaci\u00f3 en ac\u00fastic de la can\u00e7\u00f3: \u201cNo ens desdibuixeu\u201d cantada per \u00c0ngels L\u00f3pez del Petit Taller de Can\u00e7ons. <strong>(Youtube live i Xarxa TV)<\/strong><\/span><\/li>\n<li role=\"presentation\"><span id=\"m_-3235739566446224019docs-internal-guid-964d6d4d-7fff-2577-9286-4a74cd0fe571\">Lectura del manifest sobre el dia Mundial del Medi Ambient a c\u00e0rrec del seu autor, Gibert d\u2019Artze. <strong>(Youtube live)<\/strong><\/span><\/li>\n<li role=\"presentation\"><span id=\"m_-3235739566446224019docs-internal-guid-964d6d4d-7fff-2577-9286-4a74cd0fe571\">Interpretaci\u00f3 de l\u2019\u00faltima can\u00e7\u00f3 creada per PeTaCa durant el confinament per impulsar\u00a0 \u201cEl nou futur\u201d. <strong>(Youtube live)<\/strong><\/span><\/li>\n<li role=\"presentation\"><span id=\"m_-3235739566446224019docs-internal-guid-964d6d4d-7fff-2577-9286-4a74cd0fe571\">Projecci\u00f3 del videoclip de la can\u00e7\u00f3 \u201cNo ens desdibuixeu\u201d, on us podeu afegir a cantar-la en la versi\u00f3 original. <strong>(Youtube live)<\/strong><\/span><\/li>\n<\/ol>\n<p dir=\"ltr\"><span id=\"m_-3235739566446224019docs-internal-guid-964d6d4d-7fff-2577-9286-4a74cd0fe571\">Us convidem a participar d\u2019aquest acte per sumar-nos a contribuir a al\u00e7ar la veu, ben clara i ferma per frenar el canvi clim\u00e0tic, per respectar el medi ambient i conviure en societat, estimant la natura.\u00a0<\/span><\/p>\n<p dir=\"ltr\">Amb els v\u00eddeos que ens aneu enviant els\/les alumnes de prim\u00e0ria farem un senzill muntatge donant testimoni de la nostra participaci\u00f3.<\/p>\n<p dir=\"ltr\">Moltes gr\u00e0cies per ajudar-nos a fer-ho possible!<\/p>\n<p dir=\"ltr\">.<\/p>\n<p dir=\"ltr\"><iframe loading=\"lazy\" src=\"\/\/www.youtube.com\/embed\/z5csyfS5B_o?feature=youtu\" width=\"560\" height=\"314\"><\/iframe><\/p>\n<p dir=\"ltr\">\n","protected":false},"excerpt":{"rendered":"<p>Benvolguts i benvolgudes, Avui la nostra escola participa en la campanya &#8220;DONA LA NOTA -Encara hi som a temps-&#8221; per reivindicar la lluita contra el canvi clim\u00e0tic. Aquest ser\u00e0 el desenvolupament de l\u2019acte central. Seguiu-lo! A les 11h del mat\u00ed, des del Museu Vil\u00b7la Casals del Vendrell, podreu veure en directe mitjan\u00e7ant la Xarxa de [&hellip;]<\/p>\n","protected":false},"author":1,"featured_media":8561,"comment_status":"open","ping_status":"closed","sticky":false,"template":"","format":"standard","meta":{"_bbp_topic_count":0,"_bbp_reply_count":0,"_bbp_total_topic_count":0,"_bbp_total_reply_count":0,"_bbp_voice_count":0,"_bbp_anonymous_reply_count":0,"_bbp_topic_count_hidden":0,"_bbp_reply_count_hidden":0,"_bbp_forum_subforum_count":0,"site-sidebar-layout":"default","site-content-layout":"","ast-site-content-layout":"default","site-content-style":"default","site-sidebar-style":"default","ast-global-header-display":"","ast-banner-title-visibility":"","ast-main-header-display":"","ast-hfb-above-header-display":"","ast-hfb-below-header-display":"","ast-hfb-mobile-header-display":"","site-post-title":"","ast-breadcrumbs-content":"","ast-featured-img":"","footer-sml-layout":"","theme-transparent-header-meta":"","adv-header-id-meta":"","stick-header-meta":"","header-above-stick-meta":"","header-main-stick-meta":"","header-below-stick-meta":"","astra-migrate-meta-layouts":"set","ast-page-background-enabled":"default","ast-page-background-meta":{"desktop":{"background-color":"var(--ast-global-color-4)","background-image":"","background-repeat":"repeat","background-position":"center center","background-size":"auto","background-attachment":"scroll","background-type":"","background-media":"","overlay-type":"","overlay-color":"","overlay-opacity":"","overlay-gradient":""},"tablet":{"background-color":"","background-image":"","background-repeat":"repeat","background-position":"center center","background-size":"auto","background-attachment":"scroll","background-type":"","background-media":"","overlay-type":"","overlay-color":"","overlay-opacity":"","overlay-gradient":""},"mobile":{"background-color":"","background-image":"","background-repeat":"repeat","background-position":"center center","background-size":"auto","background-attachment":"scroll","background-type":"","background-media":"","overlay-type":"","overlay-color":"","overlay-opacity":"","overlay-gradient":""}},"ast-content-background-meta":{"desktop":{"background-color":"var(--ast-global-color-5)","background-image":"","background-repeat":"repeat","background-position":"center center","background-size":"auto","background-attachment":"scroll","background-type":"","background-media":"","overlay-type":"","overlay-color":"","overlay-opacity":"","overlay-gradient":""},"tablet":{"background-color":"var(--ast-global-color-5)","background-image":"","background-repeat":"repeat","background-position":"center center","background-size":"auto","background-attachment":"scroll","background-type":"","background-media":"","overlay-type":"","overlay-color":"","overlay-opacity":"","overlay-gradient":""},"mobile":{"background-color":"var(--ast-global-color-5)","background-image":"","background-repeat":"repeat","background-position":"center center","background-size":"auto","background-attachment":"scroll","background-type":"","background-media":"","overlay-type":"","overlay-color":"","overlay-opacity":"","overlay-gradient":""}},"footnotes":""},"categories":[80,118,4],"tags":[],"class_list":["post-8560","post","type-post","status-publish","format-standard","has-post-thumbnail","hentry","category-musica","category-escola-verda","category-portada"],"post_mailing_queue_ids":[],"_links":{"self":[{"href":"https:\/\/agora.xtec.cat\/ceip-jbalmes-cervera\/wp-json\/wp\/v2\/posts\/8560","targetHints":{"allow":["GET"]}}],"collection":[{"href":"https:\/\/agora.xtec.cat\/ceip-jbalmes-cervera\/wp-json\/wp\/v2\/posts"}],"about":[{"href":"https:\/\/agora.xtec.cat\/ceip-jbalmes-cervera\/wp-json\/wp\/v2\/types\/post"}],"author":[{"embeddable":true,"href":"https:\/\/agora.xtec.cat\/ceip-jbalmes-cervera\/wp-json\/wp\/v2\/users\/1"}],"replies":[{"embeddable":true,"href":"https:\/\/agora.xtec.cat\/ceip-jbalmes-cervera\/wp-json\/wp\/v2\/comments?post=8560"}],"version-history":[{"count":4,"href":"https:\/\/agora.xtec.cat\/ceip-jbalmes-cervera\/wp-json\/wp\/v2\/posts\/8560\/revisions"}],"predecessor-version":[{"id":13656,"href":"https:\/\/agora.xtec.cat\/ceip-jbalmes-cervera\/wp-json\/wp\/v2\/posts\/8560\/revisions\/13656"}],"wp:featuredmedia":[{"embeddable":true,"href":"https:\/\/agora.xtec.cat\/ceip-jbalmes-cervera\/wp-json\/wp\/v2\/media\/8561"}],"wp:attachment":[{"href":"https:\/\/agora.xtec.cat\/ceip-jbalmes-cervera\/wp-json\/wp\/v2\/media?parent=8560"}],"wp:term":[{"taxonomy":"category","embeddable":true,"href":"https:\/\/agora.xtec.cat\/ceip-jbalmes-cervera\/wp-json\/wp\/v2\/categories?post=8560"},{"taxonomy":"post_tag","embeddable":true,"href":"https:\/\/agora.xtec.cat\/ceip-jbalmes-cervera\/wp-json\/wp\/v2\/tags?post=8560"}],"curies":[{"name":"wp","href":"https:\/\/api.w.org\/{rel}","templated":true}]}}