{"id":7616,"date":"2020-04-14T09:00:42","date_gmt":"2020-04-14T07:00:42","guid":{"rendered":"http:\/\/agora.xtec.cat\/ceip-jbalmes-cervera\/?p=7616"},"modified":"2020-04-20T08:50:12","modified_gmt":"2020-04-20T06:50:12","slug":"programacio-setmanal-13-17-dabril-segon","status":"publish","type":"post","link":"https:\/\/agora.xtec.cat\/ceip-jbalmes-cervera\/general\/programacio-setmanal-13-17-dabril-segon\/","title":{"rendered":"PLA DE TREBALL 2n: 14-17 d&#8217;Abril"},"content":{"rendered":"<p style=\"text-align: center;\"><span style=\"text-decoration: underline;\"><em><strong><a href=\"https:\/\/agora.xtec.cat\/ceip-jbalmes-cervera\/wp-content\/uploads\/usu479\/2020\/04\/PLA-DE-TREBALL.png\"><img loading=\"lazy\" decoding=\"async\" class=\"size-full wp-image-7643 aligncenter\" src=\"https:\/\/agora.xtec.cat\/ceip-jbalmes-cervera\/wp-content\/uploads\/usu479\/2020\/04\/PLA-DE-TREBALL.png\" alt=\"\" width=\"375\" height=\"62\" srcset=\"https:\/\/agora.xtec.cat\/ceip-jbalmes-cervera\/wp-content\/uploads\/usu479\/2020\/04\/PLA-DE-TREBALL.png 375w, https:\/\/agora.xtec.cat\/ceip-jbalmes-cervera\/wp-content\/uploads\/usu479\/2020\/04\/PLA-DE-TREBALL-300x50.png 300w\" sizes=\"auto, (max-width: 375px) 100vw, 375px\" \/><\/a><\/strong><\/em><\/span><\/p>\n<p>&nbsp;<\/p>\n<p><span style=\"font-weight: 400;\">Benvolgudes fam\u00edlies,<\/span><\/p>\n<p><span style=\"font-weight: 400;\">Despr\u00e9s de setmana Santa iniciem un nou per\u00edode escolar i per abordar-ho us proposarem un PLA DE TREBALL SETMANAL.<\/span><\/p>\n<p><span style=\"font-weight: 400;\">La idea d\u2019aquest pla de treball \u00e9s donar cabuda a les activitats acad\u00e8miques en la vida quotidiana dels nens i nenes.\u00a0<\/span><\/p>\n<p><span style=\"font-weight: 400;\">\u00a0Les\u00a0 propostes que trobareu estan enfocades per posar en joc les compet\u00e8ncies b\u00e0siques en diferents contextos d\u2019aprenentatge i tenint en compte l\u2019excepcionalitat que suposa la situaci\u00f3 de confinament que vivim.<\/span><\/p>\n<p><span style=\"font-weight: 400;\">\u00c9s un pla de treball flexible, que respon a moltes de les vostres demandes,\u00a0 en el que els nens\/nenes poden anar treballant i repassant de manera aut\u00f2noma tot all\u00f2 que hem fet a l\u2019aula\u00a0 i regular all\u00f2 que volen fer, sempre donant espai a reflexionar sobre el \u201cque hem apr\u00e8s d\u2019all\u00f2 que\u00a0 hem fet.<\/span><\/p>\n<p><span style=\"font-weight: 400;\">Un aspecte important del pla de treball \u00e9s el seu seguiment, per aix\u00f2 es fa necessari un canal d\u2019intercanvi d\u2019informaci\u00f3 de les propostes realitzades pels nens i nenes, d\u2019aquesta forma podem enriquir el seu proc\u00e9s d\u2019aprenentatge.<\/span><\/p>\n<p><span style=\"font-weight: 400;\">Totes les activitats estan pensades per a que puguin ser entregades per mail, mitjan\u00e7ant l\u2019enviament de fotos, pdfs, \u00e0udios o petits v\u00eddeos dels productes finals.<\/span><\/p>\n<p><span style=\"font-weight: 400;\">Desitjant sempre millorar i avan\u00e7ar, us enviem petons i abra\u00e7ades virtuals.<\/span><\/p>\n<p><span style=\"font-weight: 400;\">Isabel i Ingrid.<\/span><\/p>\n<p>&nbsp;<\/p>\n<p>Cliqueu a les icones per descarregar el material.<\/p>\n<table style=\"margin: 0 auto;\">\n<tbody>\n<tr>\n<td><a href=\"https:\/\/drive.google.com\/a\/xtec.cat\/file\/d\/1h5ts9BgkbYtsi0bniIc0Hed4ylgNUJ5a\/view?usp=sharing\"><img loading=\"lazy\" decoding=\"async\" class=\"alignnone wp-image-7639\" src=\"https:\/\/agora.xtec.cat\/ceip-jbalmes-cervera\/wp-content\/uploads\/usu479\/2020\/04\/lapiz.jpg\" alt=\"\" width=\"100\" height=\"100\" srcset=\"https:\/\/agora.xtec.cat\/ceip-jbalmes-cervera\/wp-content\/uploads\/usu479\/2020\/04\/lapiz.jpg 626w, https:\/\/agora.xtec.cat\/ceip-jbalmes-cervera\/wp-content\/uploads\/usu479\/2020\/04\/lapiz-150x150.jpg 150w, https:\/\/agora.xtec.cat\/ceip-jbalmes-cervera\/wp-content\/uploads\/usu479\/2020\/04\/lapiz-300x300.jpg 300w\" sizes=\"auto, (max-width: 100px) 100vw, 100px\" \/><\/a><\/p>\n<p style=\"text-align: center;\">\u00a0 LLENGUA<\/p>\n<\/td>\n<td>\n<p style=\"text-align: center;\"><img loading=\"lazy\" decoding=\"async\" class=\"aligncenter wp-image-7640\" src=\"https:\/\/agora.xtec.cat\/ceip-jbalmes-cervera\/wp-content\/uploads\/usu479\/2020\/04\/Mates-1024x1024.png\" alt=\"\" width=\"100\" height=\"100\" srcset=\"https:\/\/agora.xtec.cat\/ceip-jbalmes-cervera\/wp-content\/uploads\/usu479\/2020\/04\/Mates-1024x1024.png 1024w, https:\/\/agora.xtec.cat\/ceip-jbalmes-cervera\/wp-content\/uploads\/usu479\/2020\/04\/Mates-150x150.png 150w, https:\/\/agora.xtec.cat\/ceip-jbalmes-cervera\/wp-content\/uploads\/usu479\/2020\/04\/Mates-300x300.png 300w, https:\/\/agora.xtec.cat\/ceip-jbalmes-cervera\/wp-content\/uploads\/usu479\/2020\/04\/Mates-768x768.png 768w, https:\/\/agora.xtec.cat\/ceip-jbalmes-cervera\/wp-content\/uploads\/usu479\/2020\/04\/Mates.png 1280w\" sizes=\"auto, (max-width: 100px) 100vw, 100px\" \/><\/p>\n<p style=\"text-align: center;\">MATEM\u00c0TIQUES<\/p>\n<ul style=\"list-style-type: circle;\">\n<li><a href=\"https:\/\/drive.google.com\/a\/xtec.cat\/file\/d\/1txYTiua-ThhVruyENuJ4MbuTERPwcYux\/view?usp=sharing\">Multiplicacions<\/a><\/li>\n<li><a href=\"https:\/\/drive.google.com\/a\/xtec.cat\/file\/d\/1XhnTV0Wu2-rphYZMJzTVDoupztT0n0o4\/view?usp=sharing\">Problema<\/a><\/li>\n<\/ul>\n<\/td>\n<td><a href=\"https:\/\/drive.google.com\/a\/xtec.cat\/file\/d\/11QGbCtbjaV0yiGIDI9KFrqRR7KXvIJQd\/view?usp=sharing\"><img loading=\"lazy\" decoding=\"async\" class=\"alignnone wp-image-7641\" src=\"https:\/\/agora.xtec.cat\/ceip-jbalmes-cervera\/wp-content\/uploads\/usu479\/2020\/04\/Medi.jpg\" alt=\"\" width=\"100\" height=\"100\" srcset=\"https:\/\/agora.xtec.cat\/ceip-jbalmes-cervera\/wp-content\/uploads\/usu479\/2020\/04\/Medi.jpg 626w, https:\/\/agora.xtec.cat\/ceip-jbalmes-cervera\/wp-content\/uploads\/usu479\/2020\/04\/Medi-150x150.jpg 150w, https:\/\/agora.xtec.cat\/ceip-jbalmes-cervera\/wp-content\/uploads\/usu479\/2020\/04\/Medi-300x300.jpg 300w\" sizes=\"auto, (max-width: 100px) 100vw, 100px\" \/><\/a><\/p>\n<p style=\"text-align: center;\">MEDI<\/p>\n<\/td>\n<\/tr>\n<\/tbody>\n<\/table>\n<p>&nbsp;<\/p>\n","protected":false},"excerpt":{"rendered":"<p>&nbsp; Benvolgudes fam\u00edlies, Despr\u00e9s de setmana Santa iniciem un nou per\u00edode escolar i per abordar-ho us proposarem un PLA DE TREBALL SETMANAL. La idea d\u2019aquest pla de treball \u00e9s donar cabuda a les activitats acad\u00e8miques en la vida quotidiana dels nens i nenes.\u00a0 \u00a0Les\u00a0 propostes que trobareu estan enfocades per posar en joc les compet\u00e8ncies [&hellip;]<\/p>\n","protected":false},"author":1,"featured_media":0,"comment_status":"open","ping_status":"closed","sticky":false,"template":"","format":"standard","meta":{"_bbp_topic_count":0,"_bbp_reply_count":0,"_bbp_total_topic_count":0,"_bbp_total_reply_count":0,"_bbp_voice_count":0,"_bbp_anonymous_reply_count":0,"_bbp_topic_count_hidden":0,"_bbp_reply_count_hidden":0,"_bbp_forum_subforum_count":0,"site-sidebar-layout":"default","site-content-layout":"","ast-site-content-layout":"","site-content-style":"default","site-sidebar-style":"default","ast-global-header-display":"","ast-banner-title-visibility":"","ast-main-header-display":"","ast-hfb-above-header-display":"","ast-hfb-below-header-display":"","ast-hfb-mobile-header-display":"","site-post-title":"","ast-breadcrumbs-content":"","ast-featured-img":"","footer-sml-layout":"","theme-transparent-header-meta":"","adv-header-id-meta":"","stick-header-meta":"","header-above-stick-meta":"","header-main-stick-meta":"","header-below-stick-meta":"","astra-migrate-meta-layouts":"default","ast-page-background-enabled":"default","ast-page-background-meta":{"desktop":{"background-color":"var(--ast-global-color-4)","background-image":"","background-repeat":"repeat","background-position":"center center","background-size":"auto","background-attachment":"scroll","background-type":"","background-media":"","overlay-type":"","overlay-color":"","overlay-opacity":"","overlay-gradient":""},"tablet":{"background-color":"","background-image":"","background-repeat":"repeat","background-position":"center center","background-size":"auto","background-attachment":"scroll","background-type":"","background-media":"","overlay-type":"","overlay-color":"","overlay-opacity":"","overlay-gradient":""},"mobile":{"background-color":"","background-image":"","background-repeat":"repeat","background-position":"center center","background-size":"auto","background-attachment":"scroll","background-type":"","background-media":"","overlay-type":"","overlay-color":"","overlay-opacity":"","overlay-gradient":""}},"ast-content-background-meta":{"desktop":{"background-color":"var(--ast-global-color-5)","background-image":"","background-repeat":"repeat","background-position":"center center","background-size":"auto","background-attachment":"scroll","background-type":"","background-media":"","overlay-type":"","overlay-color":"","overlay-opacity":"","overlay-gradient":""},"tablet":{"background-color":"var(--ast-global-color-5)","background-image":"","background-repeat":"repeat","background-position":"center center","background-size":"auto","background-attachment":"scroll","background-type":"","background-media":"","overlay-type":"","overlay-color":"","overlay-opacity":"","overlay-gradient":""},"mobile":{"background-color":"var(--ast-global-color-5)","background-image":"","background-repeat":"repeat","background-position":"center center","background-size":"auto","background-attachment":"scroll","background-type":"","background-media":"","overlay-type":"","overlay-color":"","overlay-opacity":"","overlay-gradient":""}},"footnotes":""},"categories":[1],"tags":[],"class_list":["post-7616","post","type-post","status-publish","format-standard","hentry","category-general"],"post_mailing_queue_ids":[],"_links":{"self":[{"href":"https:\/\/agora.xtec.cat\/ceip-jbalmes-cervera\/wp-json\/wp\/v2\/posts\/7616","targetHints":{"allow":["GET"]}}],"collection":[{"href":"https:\/\/agora.xtec.cat\/ceip-jbalmes-cervera\/wp-json\/wp\/v2\/posts"}],"about":[{"href":"https:\/\/agora.xtec.cat\/ceip-jbalmes-cervera\/wp-json\/wp\/v2\/types\/post"}],"author":[{"embeddable":true,"href":"https:\/\/agora.xtec.cat\/ceip-jbalmes-cervera\/wp-json\/wp\/v2\/users\/1"}],"replies":[{"embeddable":true,"href":"https:\/\/agora.xtec.cat\/ceip-jbalmes-cervera\/wp-json\/wp\/v2\/comments?post=7616"}],"version-history":[{"count":4,"href":"https:\/\/agora.xtec.cat\/ceip-jbalmes-cervera\/wp-json\/wp\/v2\/posts\/7616\/revisions"}],"predecessor-version":[{"id":7678,"href":"https:\/\/agora.xtec.cat\/ceip-jbalmes-cervera\/wp-json\/wp\/v2\/posts\/7616\/revisions\/7678"}],"wp:attachment":[{"href":"https:\/\/agora.xtec.cat\/ceip-jbalmes-cervera\/wp-json\/wp\/v2\/media?parent=7616"}],"wp:term":[{"taxonomy":"category","embeddable":true,"href":"https:\/\/agora.xtec.cat\/ceip-jbalmes-cervera\/wp-json\/wp\/v2\/categories?post=7616"},{"taxonomy":"post_tag","embeddable":true,"href":"https:\/\/agora.xtec.cat\/ceip-jbalmes-cervera\/wp-json\/wp\/v2\/tags?post=7616"}],"curies":[{"name":"wp","href":"https:\/\/api.w.org\/{rel}","templated":true}]}}