{"id":7300,"date":"2020-03-26T11:31:14","date_gmt":"2020-03-26T10:31:14","guid":{"rendered":"http:\/\/agora.xtec.cat\/ceip-jbalmes-cervera\/?p=7300"},"modified":"2026-02-07T17:14:26","modified_gmt":"2026-02-07T16:14:26","slug":"contes","status":"publish","type":"post","link":"https:\/\/agora.xtec.cat\/ceip-jbalmes-cervera\/general\/contes\/","title":{"rendered":"CONTES."},"content":{"rendered":"<ul>\n<li>\n<p lang=\"ca-ES\" align=\"JUSTIFY\"><span style=\"font-size: medium;\">La Santitos \u00e9s una mestra tamb\u00e9 d\u2019educaci\u00f3 infantil apassionada dels contes. Al seu conte d\u2019Instagram podeu mirar en directe com us explica contes des del cor.<\/span><\/p>\n<\/li>\n<\/ul>\n<p align=\"JUSTIFY\"><span style=\"font-size: medium;\"><span lang=\"ca-ES\">Blog:<\/span><\/span> <a href=\"https:\/\/blocs.xtec.cat\/aritmedecontes\/\">https:\/\/blocs.xtec.cat\/aritmedecontes\/<\/a><\/p>\n<p lang=\"ca-ES\" align=\"JUSTIFY\"><span style=\"font-size: medium;\">Instagram: @a_ritme_de_contes<\/span><\/p>\n<ul>\n<li>\n<p lang=\"ca-ES\" align=\"JUSTIFY\"><span style=\"font-size: medium;\">La M\u00edriam Tirado \u00e9s consultora de crian\u00e7a conscient, periodista i tamb\u00e9 escriptora ( La fesTETA i Tinc un volc\u00e0, contes d\u2019editorial \u201cEl Cep i la Nansa edicions\u201d amb il\u00b7lustracions de Joan Turu). Aquests dies ens dona consells per portar millor el confinament amb els nens i nenes. Tamb\u00e9 ens acompanya amb la narraci\u00f3 dels seus contes. <\/span><\/p>\n<\/li>\n<\/ul>\n<p align=\"JUSTIFY\"><span style=\"font-size: medium;\"><span lang=\"ca-ES\">Web: <\/span><\/span><a href=\"https:\/\/www.miriamtirado.com\/\"><span style=\"font-size: medium;\"><span lang=\"en-GB\">https:\/\/www.miriamtirado.com\/<\/span><\/span><\/a><\/p>\n<p lang=\"ca-ES\" align=\"JUSTIFY\"><span style=\"font-size: medium;\">Instagram: @miriamtirado.com<\/span><\/p>\n<ul style=\"list-style-type: disc;\">\n<li><span style=\"font-size: medium;\"><span lang=\"ca-ES\">Una m\u00e0 de contes:<\/span><\/span><\/li>\n<\/ul>\n<p><a href=\"https:\/\/www.youtube.com\/watch?v=TdrqshVs1no&amp;list=PLAEgyhwFFlNrvvhzFz3jyiqSber_XOJFp\">https:\/\/www.youtube.com\/watch?v=TdrqshVs1no&amp;list=PLAEgyhwFFlNrvvhzFz3jyiqSber_XOJFp<\/a><\/p>\n","protected":false},"excerpt":{"rendered":"<p>La Santitos \u00e9s una mestra tamb\u00e9 d\u2019educaci\u00f3 infantil apassionada dels contes. Al seu conte d\u2019Instagram podeu mirar en directe com us explica contes des del cor. Blog: https:\/\/blocs.xtec.cat\/aritmedecontes\/ Instagram: @a_ritme_de_contes La M\u00edriam Tirado \u00e9s consultora de crian\u00e7a conscient, periodista i tamb\u00e9 escriptora ( La fesTETA i Tinc un volc\u00e0, contes d\u2019editorial \u201cEl Cep i la [&hellip;]<\/p>\n","protected":false},"author":1,"featured_media":7303,"comment_status":"open","ping_status":"closed","sticky":false,"template":"","format":"standard","meta":{"_bbp_topic_count":0,"_bbp_reply_count":0,"_bbp_total_topic_count":0,"_bbp_total_reply_count":0,"_bbp_voice_count":0,"_bbp_anonymous_reply_count":0,"_bbp_topic_count_hidden":0,"_bbp_reply_count_hidden":0,"_bbp_forum_subforum_count":0,"site-sidebar-layout":"default","site-content-layout":"","ast-site-content-layout":"","site-content-style":"default","site-sidebar-style":"default","ast-global-header-display":"","ast-banner-title-visibility":"","ast-main-header-display":"","ast-hfb-above-header-display":"","ast-hfb-below-header-display":"","ast-hfb-mobile-header-display":"","site-post-title":"","ast-breadcrumbs-content":"","ast-featured-img":"","footer-sml-layout":"","theme-transparent-header-meta":"","adv-header-id-meta":"","stick-header-meta":"","header-above-stick-meta":"","header-main-stick-meta":"","header-below-stick-meta":"","astra-migrate-meta-layouts":"default","ast-page-background-enabled":"default","ast-page-background-meta":{"desktop":{"background-color":"var(--ast-global-color-4)","background-image":"","background-repeat":"repeat","background-position":"center center","background-size":"auto","background-attachment":"scroll","background-type":"","background-media":"","overlay-type":"","overlay-color":"","overlay-opacity":"","overlay-gradient":""},"tablet":{"background-color":"","background-image":"","background-repeat":"repeat","background-position":"center center","background-size":"auto","background-attachment":"scroll","background-type":"","background-media":"","overlay-type":"","overlay-color":"","overlay-opacity":"","overlay-gradient":""},"mobile":{"background-color":"","background-image":"","background-repeat":"repeat","background-position":"center center","background-size":"auto","background-attachment":"scroll","background-type":"","background-media":"","overlay-type":"","overlay-color":"","overlay-opacity":"","overlay-gradient":""}},"ast-content-background-meta":{"desktop":{"background-color":"var(--ast-global-color-5)","background-image":"","background-repeat":"repeat","background-position":"center center","background-size":"auto","background-attachment":"scroll","background-type":"","background-media":"","overlay-type":"","overlay-color":"","overlay-opacity":"","overlay-gradient":""},"tablet":{"background-color":"var(--ast-global-color-5)","background-image":"","background-repeat":"repeat","background-position":"center center","background-size":"auto","background-attachment":"scroll","background-type":"","background-media":"","overlay-type":"","overlay-color":"","overlay-opacity":"","overlay-gradient":""},"mobile":{"background-color":"var(--ast-global-color-5)","background-image":"","background-repeat":"repeat","background-position":"center center","background-size":"auto","background-attachment":"scroll","background-type":"","background-media":"","overlay-type":"","overlay-color":"","overlay-opacity":"","overlay-gradient":""}},"footnotes":""},"categories":[1],"tags":[],"class_list":["post-7300","post","type-post","status-publish","format-standard","has-post-thumbnail","hentry","category-general"],"post_mailing_queue_ids":[],"_links":{"self":[{"href":"https:\/\/agora.xtec.cat\/ceip-jbalmes-cervera\/wp-json\/wp\/v2\/posts\/7300","targetHints":{"allow":["GET"]}}],"collection":[{"href":"https:\/\/agora.xtec.cat\/ceip-jbalmes-cervera\/wp-json\/wp\/v2\/posts"}],"about":[{"href":"https:\/\/agora.xtec.cat\/ceip-jbalmes-cervera\/wp-json\/wp\/v2\/types\/post"}],"author":[{"embeddable":true,"href":"https:\/\/agora.xtec.cat\/ceip-jbalmes-cervera\/wp-json\/wp\/v2\/users\/1"}],"replies":[{"embeddable":true,"href":"https:\/\/agora.xtec.cat\/ceip-jbalmes-cervera\/wp-json\/wp\/v2\/comments?post=7300"}],"version-history":[{"count":2,"href":"https:\/\/agora.xtec.cat\/ceip-jbalmes-cervera\/wp-json\/wp\/v2\/posts\/7300\/revisions"}],"predecessor-version":[{"id":13624,"href":"https:\/\/agora.xtec.cat\/ceip-jbalmes-cervera\/wp-json\/wp\/v2\/posts\/7300\/revisions\/13624"}],"wp:featuredmedia":[{"embeddable":true,"href":"https:\/\/agora.xtec.cat\/ceip-jbalmes-cervera\/wp-json\/wp\/v2\/media\/7303"}],"wp:attachment":[{"href":"https:\/\/agora.xtec.cat\/ceip-jbalmes-cervera\/wp-json\/wp\/v2\/media?parent=7300"}],"wp:term":[{"taxonomy":"category","embeddable":true,"href":"https:\/\/agora.xtec.cat\/ceip-jbalmes-cervera\/wp-json\/wp\/v2\/categories?post=7300"},{"taxonomy":"post_tag","embeddable":true,"href":"https:\/\/agora.xtec.cat\/ceip-jbalmes-cervera\/wp-json\/wp\/v2\/tags?post=7300"}],"curies":[{"name":"wp","href":"https:\/\/api.w.org\/{rel}","templated":true}]}}