{"id":6990,"date":"2020-03-20T23:54:27","date_gmt":"2020-03-20T22:54:27","guid":{"rendered":"http:\/\/agora.xtec.cat\/ceip-jbalmes-cervera\/?p=6990"},"modified":"2026-02-07T18:35:06","modified_gmt":"2026-02-07T17:35:06","slug":"canco-no-ens-desdibuixeu","status":"publish","type":"post","link":"https:\/\/agora.xtec.cat\/ceip-jbalmes-cervera\/general\/canco-no-ens-desdibuixeu\/","title":{"rendered":"&#8220;NO ENS DESDIBUIXEU!&#8221;"},"content":{"rendered":"<p style=\"text-align: left;\">Can\u00e7\u00f3 adre\u00e7ada a tot l&#8217;alumnat de l&#8217;escola! Al juny tenim previst fer una cantada col.lectiva d&#8217;aquesta can\u00e7\u00f3 en motiu de l&#8217;eix de l&#8217;escola, el canvi clim\u00e0tic. Comencem a treballar-la! Esperem que us agradi! Apreneu-la mitjan\u00e7ant aquest v\u00eddeo i la lletra que trobareu a continuaci\u00f3. A cantar!<\/p>\n<p><iframe loading=\"lazy\" src=\"\/\/www.youtube.com\/embed\/z5csyfS5B_o\" width=\"560\" height=\"314\"><\/iframe><\/p>\n<p style=\"text-align: left;\">NO ENS DESDIBUIXEU&#8230;<br \/>\nPetit Taller de Can\u00e7ons<br \/>\nLletra: Gibert d\u2019Artze<br \/>\nM\u00fasica: David Melgar<\/p>\n<p>Estan traient del cel<br \/>\nels nostres blaus m\u00e9s clars<br \/>\ni els foscos de tants mars<br \/>\nper fer un immens desert&#8230;!<br \/>\nEns han pres tots els verds,<br \/>\ni els grocs del sol daurat&#8230;<br \/>\nNo ens queden platejats&#8230;<br \/>\nPer\u00f2 encara hi som a temps&#8230;!<br \/>\nI \u00e9s que mai no podrem<br \/>\nposar colors al dibuix&#8230;<br \/>\nI \u00e9s que mai no sabrem<br \/>\ntra\u00e7ar el futur&#8230;<br \/>\nPerqu\u00e8 necessitem<br \/>\nque retorni la llum<br \/>\ni que hi hagi molts fulls<br \/>\nper dibuixar&#8230;<br \/>\nVolem somiar<br \/>\nque encara hi som a temps&#8230;!<br \/>\nEl blanc pur dels estels<br \/>\nens van difuminant,<br \/>\ni els m\u00e0gics tons rosats<br \/>\ndels n\u00favols que pintem&#8230;<br \/>\nEsborren els vermells<br \/>\ndels vespres esclatants&#8230;<br \/>\nGrisor hi han escampat&#8230;<br \/>\nPer\u00f2 encara hi som a temps&#8230;!<br \/>\nI \u00e9s que mai no podrem<br \/>\nposar colors al dibuix&#8230;<br \/>\nI \u00e9s que mai no sabrem<br \/>\ntra\u00e7ar el futur&#8230;<br \/>\nPerqu\u00e8 necessitem<br \/>\nque retorni la llum<br \/>\ni que hi hagi molts fulls<br \/>\nper dibuixar&#8230;<br \/>\nVolem somiar<br \/>\nque encara hi som a temps&#8230;!<\/p>\n<p>Encara hi som a temps&#8230;!<br \/>\nVolem tenir un dem\u00e0&#8230;!<br \/>\nEncara hi som a temps&#8230;!<br \/>\nVolem tenir un dem\u00e0&#8230;!<br \/>\nEncara hi som a temps&#8230;!<br \/>\nVolem tenir un dem\u00e0&#8230;!<br \/>\nQue encara hi som a temps&#8230;!<br \/>\nVolem tenir un dem\u00e0&#8230;!<br \/>\nQue encara hi som a temps&#8230;!<br \/>\nNo ens desdibuixeu&#8230;<\/p>\n","protected":false},"excerpt":{"rendered":"<p>Can\u00e7\u00f3 adre\u00e7ada a tot l&#8217;alumnat de l&#8217;escola! Al juny tenim previst fer una cantada col.lectiva d&#8217;aquesta can\u00e7\u00f3 en motiu de l&#8217;eix de l&#8217;escola, el canvi clim\u00e0tic. Comencem a treballar-la! Esperem que us agradi! Apreneu-la mitjan\u00e7ant aquest v\u00eddeo i la lletra que trobareu a continuaci\u00f3. A cantar! NO ENS DESDIBUIXEU&#8230; Petit Taller de Can\u00e7ons Lletra: Gibert [&hellip;]<\/p>\n","protected":false},"author":1,"featured_media":6991,"comment_status":"open","ping_status":"closed","sticky":false,"template":"","format":"standard","meta":{"_bbp_topic_count":0,"_bbp_reply_count":0,"_bbp_total_topic_count":0,"_bbp_total_reply_count":0,"_bbp_voice_count":0,"_bbp_anonymous_reply_count":0,"_bbp_topic_count_hidden":0,"_bbp_reply_count_hidden":0,"_bbp_forum_subforum_count":0,"site-sidebar-layout":"default","site-content-layout":"","ast-site-content-layout":"","site-content-style":"default","site-sidebar-style":"default","ast-global-header-display":"","ast-banner-title-visibility":"","ast-main-header-display":"","ast-hfb-above-header-display":"","ast-hfb-below-header-display":"","ast-hfb-mobile-header-display":"","site-post-title":"","ast-breadcrumbs-content":"","ast-featured-img":"","footer-sml-layout":"","theme-transparent-header-meta":"","adv-header-id-meta":"","stick-header-meta":"","header-above-stick-meta":"","header-main-stick-meta":"","header-below-stick-meta":"","astra-migrate-meta-layouts":"default","ast-page-background-enabled":"default","ast-page-background-meta":{"desktop":{"background-color":"var(--ast-global-color-4)","background-image":"","background-repeat":"repeat","background-position":"center center","background-size":"auto","background-attachment":"scroll","background-type":"","background-media":"","overlay-type":"","overlay-color":"","overlay-opacity":"","overlay-gradient":""},"tablet":{"background-color":"","background-image":"","background-repeat":"repeat","background-position":"center center","background-size":"auto","background-attachment":"scroll","background-type":"","background-media":"","overlay-type":"","overlay-color":"","overlay-opacity":"","overlay-gradient":""},"mobile":{"background-color":"","background-image":"","background-repeat":"repeat","background-position":"center center","background-size":"auto","background-attachment":"scroll","background-type":"","background-media":"","overlay-type":"","overlay-color":"","overlay-opacity":"","overlay-gradient":""}},"ast-content-background-meta":{"desktop":{"background-color":"var(--ast-global-color-5)","background-image":"","background-repeat":"repeat","background-position":"center center","background-size":"auto","background-attachment":"scroll","background-type":"","background-media":"","overlay-type":"","overlay-color":"","overlay-opacity":"","overlay-gradient":""},"tablet":{"background-color":"var(--ast-global-color-5)","background-image":"","background-repeat":"repeat","background-position":"center center","background-size":"auto","background-attachment":"scroll","background-type":"","background-media":"","overlay-type":"","overlay-color":"","overlay-opacity":"","overlay-gradient":""},"mobile":{"background-color":"var(--ast-global-color-5)","background-image":"","background-repeat":"repeat","background-position":"center center","background-size":"auto","background-attachment":"scroll","background-type":"","background-media":"","overlay-type":"","overlay-color":"","overlay-opacity":"","overlay-gradient":""}},"footnotes":""},"categories":[80,118,1],"tags":[],"class_list":["post-6990","post","type-post","status-publish","format-standard","has-post-thumbnail","hentry","category-musica","category-escola-verda","category-general"],"post_mailing_queue_ids":[],"_links":{"self":[{"href":"https:\/\/agora.xtec.cat\/ceip-jbalmes-cervera\/wp-json\/wp\/v2\/posts\/6990","targetHints":{"allow":["GET"]}}],"collection":[{"href":"https:\/\/agora.xtec.cat\/ceip-jbalmes-cervera\/wp-json\/wp\/v2\/posts"}],"about":[{"href":"https:\/\/agora.xtec.cat\/ceip-jbalmes-cervera\/wp-json\/wp\/v2\/types\/post"}],"author":[{"embeddable":true,"href":"https:\/\/agora.xtec.cat\/ceip-jbalmes-cervera\/wp-json\/wp\/v2\/users\/1"}],"replies":[{"embeddable":true,"href":"https:\/\/agora.xtec.cat\/ceip-jbalmes-cervera\/wp-json\/wp\/v2\/comments?post=6990"}],"version-history":[{"count":4,"href":"https:\/\/agora.xtec.cat\/ceip-jbalmes-cervera\/wp-json\/wp\/v2\/posts\/6990\/revisions"}],"predecessor-version":[{"id":13659,"href":"https:\/\/agora.xtec.cat\/ceip-jbalmes-cervera\/wp-json\/wp\/v2\/posts\/6990\/revisions\/13659"}],"wp:featuredmedia":[{"embeddable":true,"href":"https:\/\/agora.xtec.cat\/ceip-jbalmes-cervera\/wp-json\/wp\/v2\/media\/6991"}],"wp:attachment":[{"href":"https:\/\/agora.xtec.cat\/ceip-jbalmes-cervera\/wp-json\/wp\/v2\/media?parent=6990"}],"wp:term":[{"taxonomy":"category","embeddable":true,"href":"https:\/\/agora.xtec.cat\/ceip-jbalmes-cervera\/wp-json\/wp\/v2\/categories?post=6990"},{"taxonomy":"post_tag","embeddable":true,"href":"https:\/\/agora.xtec.cat\/ceip-jbalmes-cervera\/wp-json\/wp\/v2\/tags?post=6990"}],"curies":[{"name":"wp","href":"https:\/\/api.w.org\/{rel}","templated":true}]}}