{"id":6460,"date":"2019-12-03T14:15:18","date_gmt":"2019-12-03T13:15:18","guid":{"rendered":"http:\/\/agora.xtec.cat\/ceip-jbalmes-cervera\/?p=6460"},"modified":"2020-04-19T11:43:22","modified_gmt":"2020-04-19T09:43:22","slug":"el-pessebre-de-la-paeria","status":"publish","type":"post","link":"https:\/\/agora.xtec.cat\/ceip-jbalmes-cervera\/portada\/el-pessebre-de-la-paeria\/","title":{"rendered":"El pessebre de la Paeria"},"content":{"rendered":"<p>El passat dia 1, va tenir lloc la inauguraci\u00f3 del pessebre realitzat pels alumnes de les tres escoles de prim\u00e0ria de la nostra ciutat. Aquest any ho hem fet amb els alumnes de quart. Hem de donar les gr\u00e0cies a les mestres que ens ajuden a dur a terme\u00a0 aquest projecte. Gr\u00e0cies P. T i T. B per ajudar-nos en el moment de la realitzaci\u00f3 i per acomodar-vos als canvis d\u2019horaris. Sense vosaltres seria una mica m\u00e9s complicat.Gr\u00e0cies nois i noies de quart, sense la vostra il\u00b7lusi\u00f3 no hauria estat possible realitzar aquest projecte. Aqu\u00ed us deixem les fotos dels nostres personatges i algunes del pessebre. Esperem que l\u2019aneu a veure durant les festes de Nadal.<\/p>\n<p><a href=\"https:\/\/photos.app.goo.gl\/5qeWJqgC2XYsTZkq9\" target=\"_blank\" rel=\"noopener noreferrer\"><img loading=\"lazy\" decoding=\"async\" class=\"alignnone\" src=\"https:\/\/lh3.googleusercontent.com\/kN6OR-TWPdLjGeB-ztBzCWJbWaeAMuD3P4z2p73tkuEQZuMoXbh5ruGUghisUu1CRG-kHD5az8kxYlp78U2CFHj3952NVF7u9yRz68oMDwsD8hSf3wS6MAzdwk8Y-SgnWOuQN35XRm0kSXvDdKlwWVs1aJGOebpAy2E9A1wcftrtpQfthUVdqwNoMTlY6JXNn49Nv1anqg33kgNR619dSkgSyOtEZUkHsaBXxw81yQpuAgvyKZqY87Dwk6EjOc9JWqFdme85t-ElqNHKirxr_AYB_ln47OAQ9AJya0i1tIfqoiCznkQ4l-fOfVQddfnOTu5zEAnKw-5lndbtCe0AxwNzOeGeeQxApI2WFmXpts9Ev8jj6w05jMhucz3Uxik7kcbkUhEQuJdBJmOoAUFocc0BjVpW4Q1g0PBV7FjoDKDcGE6wPmnb00yzMyCRIoPHjVnS48WUGlj8Fn2dXmSop-89l6AAWpxPdgN2Wh3G9QmGSjlWBuO6QFj2J96lQeTdNWV9YfDcznSbkSB6ib2st_QQ0sRyFByz4dfHmgkwu8KhjjaWvTS3z1WN895pZH8KmYuatrDWEXzeafdTpElyTeHLUBL_o8V0DI_EtI-zPCzOA1bpjVuFPDP9eFlHStcTro_Ne6W-jCAE6BtGS8HqX78OtEeEaziULoOS36pXihiWX29scd6IK4Nn=w1718-h966-no\" alt=\"\" width=\"1718\" height=\"966\" \/><\/a><\/p>\n<p><!--more--><\/p>\n","protected":false},"excerpt":{"rendered":"<p>El passat dia 1, va tenir lloc la inauguraci\u00f3 del pessebre realitzat pels alumnes de les tres escoles de prim\u00e0ria de la nostra ciutat. Aquest any ho hem fet amb els alumnes de quart. Hem de donar les gr\u00e0cies a les mestres que ens ajuden a dur a terme\u00a0 aquest projecte. Gr\u00e0cies P. T i [&hellip;]<\/p>\n","protected":false},"author":1,"featured_media":0,"comment_status":"open","ping_status":"closed","sticky":false,"template":"","format":"standard","meta":{"_bbp_topic_count":0,"_bbp_reply_count":0,"_bbp_total_topic_count":0,"_bbp_total_reply_count":0,"_bbp_voice_count":0,"_bbp_anonymous_reply_count":0,"_bbp_topic_count_hidden":0,"_bbp_reply_count_hidden":0,"_bbp_forum_subforum_count":0,"site-sidebar-layout":"default","site-content-layout":"","ast-site-content-layout":"","site-content-style":"default","site-sidebar-style":"default","ast-global-header-display":"","ast-banner-title-visibility":"","ast-main-header-display":"","ast-hfb-above-header-display":"","ast-hfb-below-header-display":"","ast-hfb-mobile-header-display":"","site-post-title":"","ast-breadcrumbs-content":"","ast-featured-img":"","footer-sml-layout":"","theme-transparent-header-meta":"","adv-header-id-meta":"","stick-header-meta":"","header-above-stick-meta":"","header-main-stick-meta":"","header-below-stick-meta":"","astra-migrate-meta-layouts":"default","ast-page-background-enabled":"default","ast-page-background-meta":{"desktop":{"background-color":"var(--ast-global-color-4)","background-image":"","background-repeat":"repeat","background-position":"center center","background-size":"auto","background-attachment":"scroll","background-type":"","background-media":"","overlay-type":"","overlay-color":"","overlay-opacity":"","overlay-gradient":""},"tablet":{"background-color":"","background-image":"","background-repeat":"repeat","background-position":"center center","background-size":"auto","background-attachment":"scroll","background-type":"","background-media":"","overlay-type":"","overlay-color":"","overlay-opacity":"","overlay-gradient":""},"mobile":{"background-color":"","background-image":"","background-repeat":"repeat","background-position":"center center","background-size":"auto","background-attachment":"scroll","background-type":"","background-media":"","overlay-type":"","overlay-color":"","overlay-opacity":"","overlay-gradient":""}},"ast-content-background-meta":{"desktop":{"background-color":"var(--ast-global-color-5)","background-image":"","background-repeat":"repeat","background-position":"center center","background-size":"auto","background-attachment":"scroll","background-type":"","background-media":"","overlay-type":"","overlay-color":"","overlay-opacity":"","overlay-gradient":""},"tablet":{"background-color":"var(--ast-global-color-5)","background-image":"","background-repeat":"repeat","background-position":"center center","background-size":"auto","background-attachment":"scroll","background-type":"","background-media":"","overlay-type":"","overlay-color":"","overlay-opacity":"","overlay-gradient":""},"mobile":{"background-color":"var(--ast-global-color-5)","background-image":"","background-repeat":"repeat","background-position":"center center","background-size":"auto","background-attachment":"scroll","background-type":"","background-media":"","overlay-type":"","overlay-color":"","overlay-opacity":"","overlay-gradient":""}},"footnotes":""},"categories":[13,4,72],"tags":[],"class_list":["post-6460","post","type-post","status-publish","format-standard","hentry","category-4t","category-portada","category-aula-de-religio"],"post_mailing_queue_ids":[],"_links":{"self":[{"href":"https:\/\/agora.xtec.cat\/ceip-jbalmes-cervera\/wp-json\/wp\/v2\/posts\/6460","targetHints":{"allow":["GET"]}}],"collection":[{"href":"https:\/\/agora.xtec.cat\/ceip-jbalmes-cervera\/wp-json\/wp\/v2\/posts"}],"about":[{"href":"https:\/\/agora.xtec.cat\/ceip-jbalmes-cervera\/wp-json\/wp\/v2\/types\/post"}],"author":[{"embeddable":true,"href":"https:\/\/agora.xtec.cat\/ceip-jbalmes-cervera\/wp-json\/wp\/v2\/users\/1"}],"replies":[{"embeddable":true,"href":"https:\/\/agora.xtec.cat\/ceip-jbalmes-cervera\/wp-json\/wp\/v2\/comments?post=6460"}],"version-history":[{"count":3,"href":"https:\/\/agora.xtec.cat\/ceip-jbalmes-cervera\/wp-json\/wp\/v2\/posts\/6460\/revisions"}],"predecessor-version":[{"id":6466,"href":"https:\/\/agora.xtec.cat\/ceip-jbalmes-cervera\/wp-json\/wp\/v2\/posts\/6460\/revisions\/6466"}],"wp:attachment":[{"href":"https:\/\/agora.xtec.cat\/ceip-jbalmes-cervera\/wp-json\/wp\/v2\/media?parent=6460"}],"wp:term":[{"taxonomy":"category","embeddable":true,"href":"https:\/\/agora.xtec.cat\/ceip-jbalmes-cervera\/wp-json\/wp\/v2\/categories?post=6460"},{"taxonomy":"post_tag","embeddable":true,"href":"https:\/\/agora.xtec.cat\/ceip-jbalmes-cervera\/wp-json\/wp\/v2\/tags?post=6460"}],"curies":[{"name":"wp","href":"https:\/\/api.w.org\/{rel}","templated":true}]}}