{"id":5904,"date":"2019-05-13T09:48:17","date_gmt":"2019-05-13T07:48:17","guid":{"rendered":"http:\/\/agora.xtec.cat\/ceip-jbalmes-cervera\/?p=5904"},"modified":"2019-05-13T09:48:17","modified_gmt":"2019-05-13T07:48:17","slug":"protagonista-p3b-6","status":"publish","type":"post","link":"https:\/\/agora.xtec.cat\/ceip-jbalmes-cervera\/infantil\/protagonista-p3b-6\/","title":{"rendered":"PROTAGONISTA P3B"},"content":{"rendered":"<p>Avui ha vingut la mare del protagonista de la setmana i han fet pa tal i com el fan al seu pa\u00eds.<\/p>\n<p>Hem fet servir pa, llevat, sal, sucre, oli i aigua t\u00e8bia.<\/p>\n<p>Hem amassat entre tots i hem fet quatre pans.<\/p>\n<p>Despr\u00e9s hem anat a portar-los a la cuina de l\u2019escola per posar-los al forn.<\/p>\n<p>QUIN PA M\u00c9S BO!!!<\/p>\n<p>AVUI S\u00cd QUE \u00c9S BO EL BERENAR!!!<\/p>\n<p><a href=\"https:\/\/photos.app.goo.gl\/wGggc3tofCSaxjZTA\"><img loading=\"lazy\" decoding=\"async\" class=\"alignnone size-large\" src=\"https:\/\/lh3.googleusercontent.com\/y24iA2daHkHUner28Q9gn_D_zuJrpEUj1YCovlGZGDbN3sir-XE_-VR2eSHtfiPEwdMcqstnOhorB-zIFYEI44eud0OdQhOevAAbO9YxyBrbvdghKbE0MCCLyOM1lEbPY5YOTobTrgoW9X0tkcEXp2qmGMSJqSEQ7kxeAj6s_DFG6LUxR5sWSfPinzJA8ZjipzhOP58WP7IsCwR5EsWgT2QVuHdTDr1pD3rLIols2y5pq0gLUObFD6lGLOQ7qbEAV4rJ4Ekjt6B3cdw-kwUPu7SkXEGEDlxyw-o5aqW6qpUiDm949N4QQ_pBoiNl7_PGOEod5xgytPyXpffcjv5R2WU9dK51kZYIDVrR8ORovvrIVrs0C0fsF5QahRNIooqgyh_S7iHEhK2XoriHsSeQMaTIl3BR8KXTHSlfdc4FizMpKiJA_0c52nqhPW9NSWAOphTB6q-wyRawP_Ic4ZXNkBwRyAArN_pAz4GwKosDCrkH8JPtgYH49unEceNGbihfDR5bN2fCs4u1x2WKkr7aADrcPzKg6ATuLq3smMnb3s7x7aJwSijPekbaDZOxJ704t1zTV8MbXmyHi_KBQHSE-8ZBEEJUSXJF9z9IgwDphN6CrtUFr9UXqgy8DqcdP5VO2JhkZnc9liSPDYmYG_ol_xD2qeonTWHs=w903-h677-no\" width=\"903\" height=\"677\" \/><\/a><\/p>\n","protected":false},"excerpt":{"rendered":"<p>Avui ha vingut la mare del protagonista de la setmana i han fet pa tal i com el fan al seu pa\u00eds. Hem fet servir pa, llevat, sal, sucre, oli i aigua t\u00e8bia. Hem amassat entre tots i hem fet quatre pans. Despr\u00e9s hem anat a portar-los a la cuina de l\u2019escola per posar-los al [&hellip;]<\/p>\n","protected":false},"author":1,"featured_media":0,"comment_status":"open","ping_status":"closed","sticky":false,"template":"","format":"standard","meta":{"_bbp_topic_count":0,"_bbp_reply_count":0,"_bbp_total_topic_count":0,"_bbp_total_reply_count":0,"_bbp_voice_count":0,"_bbp_anonymous_reply_count":0,"_bbp_topic_count_hidden":0,"_bbp_reply_count_hidden":0,"_bbp_forum_subforum_count":0,"site-sidebar-layout":"default","site-content-layout":"","ast-site-content-layout":"","site-content-style":"default","site-sidebar-style":"default","ast-global-header-display":"","ast-banner-title-visibility":"","ast-main-header-display":"","ast-hfb-above-header-display":"","ast-hfb-below-header-display":"","ast-hfb-mobile-header-display":"","site-post-title":"","ast-breadcrumbs-content":"","ast-featured-img":"","footer-sml-layout":"","theme-transparent-header-meta":"","adv-header-id-meta":"","stick-header-meta":"","header-above-stick-meta":"","header-main-stick-meta":"","header-below-stick-meta":"","astra-migrate-meta-layouts":"default","ast-page-background-enabled":"default","ast-page-background-meta":{"desktop":{"background-color":"var(--ast-global-color-4)","background-image":"","background-repeat":"repeat","background-position":"center center","background-size":"auto","background-attachment":"scroll","background-type":"","background-media":"","overlay-type":"","overlay-color":"","overlay-opacity":"","overlay-gradient":""},"tablet":{"background-color":"","background-image":"","background-repeat":"repeat","background-position":"center center","background-size":"auto","background-attachment":"scroll","background-type":"","background-media":"","overlay-type":"","overlay-color":"","overlay-opacity":"","overlay-gradient":""},"mobile":{"background-color":"","background-image":"","background-repeat":"repeat","background-position":"center center","background-size":"auto","background-attachment":"scroll","background-type":"","background-media":"","overlay-type":"","overlay-color":"","overlay-opacity":"","overlay-gradient":""}},"ast-content-background-meta":{"desktop":{"background-color":"var(--ast-global-color-5)","background-image":"","background-repeat":"repeat","background-position":"center center","background-size":"auto","background-attachment":"scroll","background-type":"","background-media":"","overlay-type":"","overlay-color":"","overlay-opacity":"","overlay-gradient":""},"tablet":{"background-color":"var(--ast-global-color-5)","background-image":"","background-repeat":"repeat","background-position":"center center","background-size":"auto","background-attachment":"scroll","background-type":"","background-media":"","overlay-type":"","overlay-color":"","overlay-opacity":"","overlay-gradient":""},"mobile":{"background-color":"var(--ast-global-color-5)","background-image":"","background-repeat":"repeat","background-position":"center center","background-size":"auto","background-attachment":"scroll","background-type":"","background-media":"","overlay-type":"","overlay-color":"","overlay-opacity":"","overlay-gradient":""}},"footnotes":""},"categories":[3,2],"tags":[],"class_list":["post-5904","post","type-post","status-publish","format-standard","hentry","category-i3","category-infantil"],"post_mailing_queue_ids":[],"_links":{"self":[{"href":"https:\/\/agora.xtec.cat\/ceip-jbalmes-cervera\/wp-json\/wp\/v2\/posts\/5904","targetHints":{"allow":["GET"]}}],"collection":[{"href":"https:\/\/agora.xtec.cat\/ceip-jbalmes-cervera\/wp-json\/wp\/v2\/posts"}],"about":[{"href":"https:\/\/agora.xtec.cat\/ceip-jbalmes-cervera\/wp-json\/wp\/v2\/types\/post"}],"author":[{"embeddable":true,"href":"https:\/\/agora.xtec.cat\/ceip-jbalmes-cervera\/wp-json\/wp\/v2\/users\/1"}],"replies":[{"embeddable":true,"href":"https:\/\/agora.xtec.cat\/ceip-jbalmes-cervera\/wp-json\/wp\/v2\/comments?post=5904"}],"version-history":[{"count":1,"href":"https:\/\/agora.xtec.cat\/ceip-jbalmes-cervera\/wp-json\/wp\/v2\/posts\/5904\/revisions"}],"predecessor-version":[{"id":5905,"href":"https:\/\/agora.xtec.cat\/ceip-jbalmes-cervera\/wp-json\/wp\/v2\/posts\/5904\/revisions\/5905"}],"wp:attachment":[{"href":"https:\/\/agora.xtec.cat\/ceip-jbalmes-cervera\/wp-json\/wp\/v2\/media?parent=5904"}],"wp:term":[{"taxonomy":"category","embeddable":true,"href":"https:\/\/agora.xtec.cat\/ceip-jbalmes-cervera\/wp-json\/wp\/v2\/categories?post=5904"},{"taxonomy":"post_tag","embeddable":true,"href":"https:\/\/agora.xtec.cat\/ceip-jbalmes-cervera\/wp-json\/wp\/v2\/tags?post=5904"}],"curies":[{"name":"wp","href":"https:\/\/api.w.org\/{rel}","templated":true}]}}