{"id":5836,"date":"2019-05-04T18:01:06","date_gmt":"2019-05-04T16:01:06","guid":{"rendered":"http:\/\/agora.xtec.cat\/ceip-jbalmes-cervera\/?p=5836"},"modified":"2020-04-19T11:43:51","modified_gmt":"2020-04-19T09:43:51","slug":"el-rei-salomo","status":"publish","type":"post","link":"https:\/\/agora.xtec.cat\/ceip-jbalmes-cervera\/general\/el-rei-salomo\/","title":{"rendered":"El rei Salom\u00f3"},"content":{"rendered":"<p>&nbsp;<\/p>\n<p>El rei\u00a0<strong>Salom\u00f3<\/strong>\u00a0(en\u00a0hebreu, \u05e9\u05dc\u05de\u05d4 \u05d1\u05df-\u05d3\u05d5\u05d3\u00a0<em>Shelomoh ben David<\/em>\u00a0i en\u00a0\u00e0rab, \u0633\u0644\u064a\u0645\u0627\u0646\u00a0<em>Sulayman ibn D\u00e0\u00fcd<\/em>) fou una de les principals figures de l&#8217;\u00e8poca dels reis a l&#8217;Antic Testament. Els tres reis m\u00e9s importants foren en aquest ordre:\u00a0Sa\u00fcl,\u00a0David\u00a0i Salom\u00f3.<\/p>\n<p>Per\u00f2 la seva gran obra va ser a\u00a0<a href=\"https:\/\/ca.wikipedia.org\/wiki\/Jerusalem\">Je<\/a>rusalem: va ordenar la construcci\u00f3 d&#8217;un\u00a0magn\u00edfic temple per al poble d&#8217;Israel\u00a0on es guardaria l&#8217;Arca de l&#8217;Alian\u00e7a, un gran palau reial i va manar aixecar un clos emmurallat al voltant de tota la ciutat. Jerusalem va esdevenir una gran ciutat, centre de poder i riquesa i capital del\u00a0regne d&#8217;Israel.<\/p>\n<p>Home just i de gran bondat va resoldre casos complicats que li eren presentats pels seus s\u00fabdits. \u00c9s el m\u00e9s fam\u00f3s el de les dues dones que pretenien ser la mare d&#8217;un mateix fill.<\/p>\n<p>&nbsp;<\/p>\n<p>&nbsp;<\/p>\n<p>&nbsp;<\/p>\n<p>&nbsp;<\/p>\n<p><a href=\"https:\/\/youtu.be\/kE8vHLeBI1A\">https:\/\/youtu.be\/kE8vHLeBI1A<\/a><\/p>\n","protected":false},"excerpt":{"rendered":"<p>&nbsp; El rei\u00a0Salom\u00f3\u00a0(en\u00a0hebreu, \u05e9\u05dc\u05de\u05d4 \u05d1\u05df-\u05d3\u05d5\u05d3\u00a0Shelomoh ben David\u00a0i en\u00a0\u00e0rab, \u0633\u0644\u064a\u0645\u0627\u0646\u00a0Sulayman ibn D\u00e0\u00fcd) fou una de les principals figures de l&#8217;\u00e8poca dels reis a l&#8217;Antic Testament. Els tres reis m\u00e9s importants foren en aquest ordre:\u00a0Sa\u00fcl,\u00a0David\u00a0i Salom\u00f3. Per\u00f2 la seva gran obra va ser a\u00a0Jerusalem: va ordenar la construcci\u00f3 d&#8217;un\u00a0magn\u00edfic temple per al poble d&#8217;Israel\u00a0on es guardaria l&#8217;Arca [&hellip;]<\/p>\n","protected":false},"author":1,"featured_media":0,"comment_status":"open","ping_status":"closed","sticky":false,"template":"","format":"standard","meta":{"_bbp_topic_count":0,"_bbp_reply_count":0,"_bbp_total_topic_count":0,"_bbp_total_reply_count":0,"_bbp_voice_count":0,"_bbp_anonymous_reply_count":0,"_bbp_topic_count_hidden":0,"_bbp_reply_count_hidden":0,"_bbp_forum_subforum_count":0,"site-sidebar-layout":"default","site-content-layout":"","ast-site-content-layout":"","site-content-style":"default","site-sidebar-style":"default","ast-global-header-display":"","ast-banner-title-visibility":"","ast-main-header-display":"","ast-hfb-above-header-display":"","ast-hfb-below-header-display":"","ast-hfb-mobile-header-display":"","site-post-title":"","ast-breadcrumbs-content":"","ast-featured-img":"","footer-sml-layout":"","theme-transparent-header-meta":"","adv-header-id-meta":"","stick-header-meta":"","header-above-stick-meta":"","header-main-stick-meta":"","header-below-stick-meta":"","astra-migrate-meta-layouts":"default","ast-page-background-enabled":"default","ast-page-background-meta":{"desktop":{"background-color":"var(--ast-global-color-4)","background-image":"","background-repeat":"repeat","background-position":"center center","background-size":"auto","background-attachment":"scroll","background-type":"","background-media":"","overlay-type":"","overlay-color":"","overlay-opacity":"","overlay-gradient":""},"tablet":{"background-color":"","background-image":"","background-repeat":"repeat","background-position":"center center","background-size":"auto","background-attachment":"scroll","background-type":"","background-media":"","overlay-type":"","overlay-color":"","overlay-opacity":"","overlay-gradient":""},"mobile":{"background-color":"","background-image":"","background-repeat":"repeat","background-position":"center center","background-size":"auto","background-attachment":"scroll","background-type":"","background-media":"","overlay-type":"","overlay-color":"","overlay-opacity":"","overlay-gradient":""}},"ast-content-background-meta":{"desktop":{"background-color":"var(--ast-global-color-5)","background-image":"","background-repeat":"repeat","background-position":"center center","background-size":"auto","background-attachment":"scroll","background-type":"","background-media":"","overlay-type":"","overlay-color":"","overlay-opacity":"","overlay-gradient":""},"tablet":{"background-color":"var(--ast-global-color-5)","background-image":"","background-repeat":"repeat","background-position":"center center","background-size":"auto","background-attachment":"scroll","background-type":"","background-media":"","overlay-type":"","overlay-color":"","overlay-opacity":"","overlay-gradient":""},"mobile":{"background-color":"var(--ast-global-color-5)","background-image":"","background-repeat":"repeat","background-position":"center center","background-size":"auto","background-attachment":"scroll","background-type":"","background-media":"","overlay-type":"","overlay-color":"","overlay-opacity":"","overlay-gradient":""}},"footnotes":""},"categories":[14,1,72],"tags":[],"class_list":["post-5836","post","type-post","status-publish","format-standard","hentry","category-5e","category-general","category-aula-de-religio"],"post_mailing_queue_ids":[],"_links":{"self":[{"href":"https:\/\/agora.xtec.cat\/ceip-jbalmes-cervera\/wp-json\/wp\/v2\/posts\/5836","targetHints":{"allow":["GET"]}}],"collection":[{"href":"https:\/\/agora.xtec.cat\/ceip-jbalmes-cervera\/wp-json\/wp\/v2\/posts"}],"about":[{"href":"https:\/\/agora.xtec.cat\/ceip-jbalmes-cervera\/wp-json\/wp\/v2\/types\/post"}],"author":[{"embeddable":true,"href":"https:\/\/agora.xtec.cat\/ceip-jbalmes-cervera\/wp-json\/wp\/v2\/users\/1"}],"replies":[{"embeddable":true,"href":"https:\/\/agora.xtec.cat\/ceip-jbalmes-cervera\/wp-json\/wp\/v2\/comments?post=5836"}],"version-history":[{"count":2,"href":"https:\/\/agora.xtec.cat\/ceip-jbalmes-cervera\/wp-json\/wp\/v2\/posts\/5836\/revisions"}],"predecessor-version":[{"id":5840,"href":"https:\/\/agora.xtec.cat\/ceip-jbalmes-cervera\/wp-json\/wp\/v2\/posts\/5836\/revisions\/5840"}],"wp:attachment":[{"href":"https:\/\/agora.xtec.cat\/ceip-jbalmes-cervera\/wp-json\/wp\/v2\/media?parent=5836"}],"wp:term":[{"taxonomy":"category","embeddable":true,"href":"https:\/\/agora.xtec.cat\/ceip-jbalmes-cervera\/wp-json\/wp\/v2\/categories?post=5836"},{"taxonomy":"post_tag","embeddable":true,"href":"https:\/\/agora.xtec.cat\/ceip-jbalmes-cervera\/wp-json\/wp\/v2\/tags?post=5836"}],"curies":[{"name":"wp","href":"https:\/\/api.w.org\/{rel}","templated":true}]}}