{"id":5669,"date":"2019-03-27T09:23:10","date_gmt":"2019-03-27T08:23:10","guid":{"rendered":"http:\/\/agora.xtec.cat\/ceip-jbalmes-cervera\/?p=5669"},"modified":"2019-03-27T09:23:10","modified_gmt":"2019-03-27T08:23:10","slug":"passejada-pel-carrero-de-les-bruixes","status":"publish","type":"post","link":"https:\/\/agora.xtec.cat\/ceip-jbalmes-cervera\/infantil\/passejada-pel-carrero-de-les-bruixes\/","title":{"rendered":"PASSEJADA PEL CARRER\u00d3 DE LES BRUIXES"},"content":{"rendered":"<p>EL PASSAT DIVENDRES DIA 22 DE MAR\u00c7, LA CLASSE DE LES BRUIXES I ELS BRUIXOTS, VAM ANAR A FER UNA PASSEJADA PEL CARRER\u00d3 DE LES BRUIXES.<\/p>\n<p>LA INDICACI\u00d3 DEL CARRER\u00d3 LA VAM VEURE DE SEGUIDA PERQU\u00c8 EN TENIM UNA D\u2019IGUAL A LA CLASSE, QUE ENS LA VA REGALAR ELS PARES D\u2019UN NEN DE LA CLASSE.<\/p>\n<p>VAM BUSCAR SI TROB\u00c0VEM LA CASA DE LA BRUIXA <strong>POTAOSCADA<\/strong>. LA CASA NO LA VAM TROBAR PER\u00d2 S\u00cd LA SEVA ESCOMBRA.<\/p>\n<p>CADA VEGADA QUE ENTR\u00c0VEM EN UNA PORXADA TROB\u00c0VEM ALGUN ELEMENT QUE ENS FEIA RECORDAR L\u2019AQUELARRE.<\/p>\n<p>VAM TENIR UNA MICA DE POR, PER\u00d2 ENS VA AGRADAR MOLT\u00cdSSIM.<\/p>\n<p><a href=\"https:\/\/photos.app.goo.gl\/wy8EouwAyUsTFpxU6\"><img loading=\"lazy\" decoding=\"async\" class=\"alignnone size-large\" src=\"https:\/\/lh3.googleusercontent.com\/Pj_ppozdwmuxya3MjomeTsOiFFQns3IIiTdQh9yV7B5Cpd1fPjJ9YkU9T5XHENKheiR7nj4Sz-HVVDKZYUXuvnFJR837H8KzrJI4mKxSDFFomWOXcC0DnRLd94wLAUQmoYjyTfi-NP3PoB7k9ef3RiqTNLxjd-VNxzpU6BdcvdQeO9ACSsGLz0zEoykE5uPix7v1Iby6DQkFDgrK1MjxFQcB1u6lTzhzYRYxw2FCcbP1AgZnxKjYOK2yTyEv1uiagzn9ItEyU_zf8XGe0AybixI2h4RHv5AQjRt8pFoouYiebelYZ4XUTx2QYnOKcNewDyyHjK1HXCbBywpVqZqsAGrs7UJLvOfEODOKk12OdqRlg1Dny1DlPvRizR1u9zVfZKcxZVa4T4W1TLfEYGdl_tDzF0ycRtn4oZsOsGV8QFoTdbRjyXHWmF-6R4484hB0kUldYJwMOJgaXfbN-ReV9Be19XbLJZsqZ5H84pIxfK4AVaN4oIiO8SZQsPkl1p-cSthymfDMGu_EsruRGH3JAPpAkXQrmZmN99q_i_40OtDdYFCSXzZCCM64GGIe2-QLA7LNX8GI5bhWRCx6Z_irIEAYsoB2BIfDQvRjDlXnmMF30DFr6kRSRRsF-H-v2CeuWrFIKgub5gY37auSQU-xIJismXo1Ahym=w903-h677-no\" width=\"903\" height=\"677\" \/><\/a><\/p>\n","protected":false},"excerpt":{"rendered":"<p>EL PASSAT DIVENDRES DIA 22 DE MAR\u00c7, LA CLASSE DE LES BRUIXES I ELS BRUIXOTS, VAM ANAR A FER UNA PASSEJADA PEL CARRER\u00d3 DE LES BRUIXES. LA INDICACI\u00d3 DEL CARRER\u00d3 LA VAM VEURE DE SEGUIDA PERQU\u00c8 EN TENIM UNA D\u2019IGUAL A LA CLASSE, QUE ENS LA VA REGALAR ELS PARES D\u2019UN NEN DE LA CLASSE. [&hellip;]<\/p>\n","protected":false},"author":1,"featured_media":0,"comment_status":"open","ping_status":"closed","sticky":false,"template":"","format":"standard","meta":{"_bbp_topic_count":0,"_bbp_reply_count":0,"_bbp_total_topic_count":0,"_bbp_total_reply_count":0,"_bbp_voice_count":0,"_bbp_anonymous_reply_count":0,"_bbp_topic_count_hidden":0,"_bbp_reply_count_hidden":0,"_bbp_forum_subforum_count":0,"site-sidebar-layout":"default","site-content-layout":"","ast-site-content-layout":"","site-content-style":"default","site-sidebar-style":"default","ast-global-header-display":"","ast-banner-title-visibility":"","ast-main-header-display":"","ast-hfb-above-header-display":"","ast-hfb-below-header-display":"","ast-hfb-mobile-header-display":"","site-post-title":"","ast-breadcrumbs-content":"","ast-featured-img":"","footer-sml-layout":"","theme-transparent-header-meta":"","adv-header-id-meta":"","stick-header-meta":"","header-above-stick-meta":"","header-main-stick-meta":"","header-below-stick-meta":"","astra-migrate-meta-layouts":"default","ast-page-background-enabled":"default","ast-page-background-meta":{"desktop":{"background-color":"var(--ast-global-color-4)","background-image":"","background-repeat":"repeat","background-position":"center center","background-size":"auto","background-attachment":"scroll","background-type":"","background-media":"","overlay-type":"","overlay-color":"","overlay-opacity":"","overlay-gradient":""},"tablet":{"background-color":"","background-image":"","background-repeat":"repeat","background-position":"center center","background-size":"auto","background-attachment":"scroll","background-type":"","background-media":"","overlay-type":"","overlay-color":"","overlay-opacity":"","overlay-gradient":""},"mobile":{"background-color":"","background-image":"","background-repeat":"repeat","background-position":"center center","background-size":"auto","background-attachment":"scroll","background-type":"","background-media":"","overlay-type":"","overlay-color":"","overlay-opacity":"","overlay-gradient":""}},"ast-content-background-meta":{"desktop":{"background-color":"var(--ast-global-color-5)","background-image":"","background-repeat":"repeat","background-position":"center center","background-size":"auto","background-attachment":"scroll","background-type":"","background-media":"","overlay-type":"","overlay-color":"","overlay-opacity":"","overlay-gradient":""},"tablet":{"background-color":"var(--ast-global-color-5)","background-image":"","background-repeat":"repeat","background-position":"center center","background-size":"auto","background-attachment":"scroll","background-type":"","background-media":"","overlay-type":"","overlay-color":"","overlay-opacity":"","overlay-gradient":""},"mobile":{"background-color":"var(--ast-global-color-5)","background-image":"","background-repeat":"repeat","background-position":"center center","background-size":"auto","background-attachment":"scroll","background-type":"","background-media":"","overlay-type":"","overlay-color":"","overlay-opacity":"","overlay-gradient":""}},"footnotes":""},"categories":[3,2],"tags":[],"class_list":["post-5669","post","type-post","status-publish","format-standard","hentry","category-i3","category-infantil"],"post_mailing_queue_ids":[],"_links":{"self":[{"href":"https:\/\/agora.xtec.cat\/ceip-jbalmes-cervera\/wp-json\/wp\/v2\/posts\/5669","targetHints":{"allow":["GET"]}}],"collection":[{"href":"https:\/\/agora.xtec.cat\/ceip-jbalmes-cervera\/wp-json\/wp\/v2\/posts"}],"about":[{"href":"https:\/\/agora.xtec.cat\/ceip-jbalmes-cervera\/wp-json\/wp\/v2\/types\/post"}],"author":[{"embeddable":true,"href":"https:\/\/agora.xtec.cat\/ceip-jbalmes-cervera\/wp-json\/wp\/v2\/users\/1"}],"replies":[{"embeddable":true,"href":"https:\/\/agora.xtec.cat\/ceip-jbalmes-cervera\/wp-json\/wp\/v2\/comments?post=5669"}],"version-history":[{"count":1,"href":"https:\/\/agora.xtec.cat\/ceip-jbalmes-cervera\/wp-json\/wp\/v2\/posts\/5669\/revisions"}],"predecessor-version":[{"id":5670,"href":"https:\/\/agora.xtec.cat\/ceip-jbalmes-cervera\/wp-json\/wp\/v2\/posts\/5669\/revisions\/5670"}],"wp:attachment":[{"href":"https:\/\/agora.xtec.cat\/ceip-jbalmes-cervera\/wp-json\/wp\/v2\/media?parent=5669"}],"wp:term":[{"taxonomy":"category","embeddable":true,"href":"https:\/\/agora.xtec.cat\/ceip-jbalmes-cervera\/wp-json\/wp\/v2\/categories?post=5669"},{"taxonomy":"post_tag","embeddable":true,"href":"https:\/\/agora.xtec.cat\/ceip-jbalmes-cervera\/wp-json\/wp\/v2\/tags?post=5669"}],"curies":[{"name":"wp","href":"https:\/\/api.w.org\/{rel}","templated":true}]}}