{"id":5557,"date":"2019-03-06T12:59:38","date_gmt":"2019-03-06T11:59:38","guid":{"rendered":"http:\/\/agora.xtec.cat\/ceip-jbalmes-cervera\/?p=5557"},"modified":"2019-03-06T12:59:38","modified_gmt":"2019-03-06T11:59:38","slug":"visita-biblioteca-josep-finestres","status":"publish","type":"post","link":"https:\/\/agora.xtec.cat\/ceip-jbalmes-cervera\/infantil\/visita-biblioteca-josep-finestres\/","title":{"rendered":"VISITA BIBLIOTECA JOSEP FINESTRES"},"content":{"rendered":"<p>El dijous 17 de gener els nens i nenes de P5 vam anar a visitar la Biblioteca p\u00fablica de Cervera. Vam pujar al pis de dalt on ens van ensenyar alguns \u201ctresors\u201d que hi tenen guardats, i ens van explicar coses molt interessants. All\u00ed despr\u00e8s ens van deixar mirar llibres de coneixements molt xulos i grans. Despr\u00e8s vam baixar a la part de baix, on hi ha la sala d\u00b4infantil i on hi trobem els contes per a nens i nenes de la nostra edat, i que tamb\u00e9 vam poder mirar una estona. Moltes gr\u00e0cies per aquesta visita tant interessant!<\/p>\n<p><a href=\"https:\/\/photos.app.goo.gl\/hVHHKkCMJfYCfWcA8\"><img loading=\"lazy\" decoding=\"async\" class=\"alignnone size-large\" src=\"https:\/\/lh3.googleusercontent.com\/Yde6W-yXOqom6wYNbg4M59ASAv3ajMhVIa74YEFmPPZ4xRhLDXYIfhwQ6iBxw7PRH8q0lcsqSR-7vGJfBcu9XPtk3qrAQsCd_wDBOLbPbUHhhESp2RcpDX0kea2YDqyyshff-2PEaDhR1JeTMukWcKQG8bP_KSjaCQ8cdKmJFylIudAun6BhCvM3myRCVfQ7lRRI4hGNBsLTW0tRLV6roCOM0XO1YylqxUK-VPJc2mVoAVPAqKlXeojayDvnh7EH8EIMaI28qMqIqjjGqbrUKyZJ40v_yumwEHXTjjWddZtxruC9Z8_hEVRzAq4hZOhh07aH0OjBdf8XXLR5Cm0vr911FlbuJ8AQD1mK9pPR35YstPKusOwr-mGlws_lv2IyiL6mnhqc_R-H3ZRAuhFvzEZ-VqGhlQKC2hr48pvFT-FBvwwRMSwnV9g2qhJbyK7NkzWXn0rxDV78GMkZqMhov8g1-9tBWYCwLnzRrUwUbJEEyNvASENdWZAuweMxEYfP3snosIgMGZgxyTFjCBvhj8VQ9VEvbYAUJijemxSzHxoT1SkaOq-ksn3nI1V-HbmW2SL3WxtP_wlQI1RY6fc9baRcEA9HZBGsNmscWHRv3DRYRnYHyvqnlX4SaXl7POwc8-CdcG2miQCBHfXcR6RxGoPvGB6uXWoQ=w834-h625-no\" width=\"833\" height=\"625\" \/><\/a><\/p>\n","protected":false},"excerpt":{"rendered":"<p>El dijous 17 de gener els nens i nenes de P5 vam anar a visitar la Biblioteca p\u00fablica de Cervera. Vam pujar al pis de dalt on ens van ensenyar alguns \u201ctresors\u201d que hi tenen guardats, i ens van explicar coses molt interessants. All\u00ed despr\u00e8s ens van deixar mirar llibres de coneixements molt xulos i [&hellip;]<\/p>\n","protected":false},"author":1,"featured_media":0,"comment_status":"open","ping_status":"closed","sticky":false,"template":"","format":"standard","meta":{"_bbp_topic_count":0,"_bbp_reply_count":0,"_bbp_total_topic_count":0,"_bbp_total_reply_count":0,"_bbp_voice_count":0,"_bbp_anonymous_reply_count":0,"_bbp_topic_count_hidden":0,"_bbp_reply_count_hidden":0,"_bbp_forum_subforum_count":0,"site-sidebar-layout":"default","site-content-layout":"","ast-site-content-layout":"","site-content-style":"default","site-sidebar-style":"default","ast-global-header-display":"","ast-banner-title-visibility":"","ast-main-header-display":"","ast-hfb-above-header-display":"","ast-hfb-below-header-display":"","ast-hfb-mobile-header-display":"","site-post-title":"","ast-breadcrumbs-content":"","ast-featured-img":"","footer-sml-layout":"","theme-transparent-header-meta":"","adv-header-id-meta":"","stick-header-meta":"","header-above-stick-meta":"","header-main-stick-meta":"","header-below-stick-meta":"","astra-migrate-meta-layouts":"default","ast-page-background-enabled":"default","ast-page-background-meta":{"desktop":{"background-color":"var(--ast-global-color-4)","background-image":"","background-repeat":"repeat","background-position":"center center","background-size":"auto","background-attachment":"scroll","background-type":"","background-media":"","overlay-type":"","overlay-color":"","overlay-opacity":"","overlay-gradient":""},"tablet":{"background-color":"","background-image":"","background-repeat":"repeat","background-position":"center center","background-size":"auto","background-attachment":"scroll","background-type":"","background-media":"","overlay-type":"","overlay-color":"","overlay-opacity":"","overlay-gradient":""},"mobile":{"background-color":"","background-image":"","background-repeat":"repeat","background-position":"center center","background-size":"auto","background-attachment":"scroll","background-type":"","background-media":"","overlay-type":"","overlay-color":"","overlay-opacity":"","overlay-gradient":""}},"ast-content-background-meta":{"desktop":{"background-color":"var(--ast-global-color-5)","background-image":"","background-repeat":"repeat","background-position":"center center","background-size":"auto","background-attachment":"scroll","background-type":"","background-media":"","overlay-type":"","overlay-color":"","overlay-opacity":"","overlay-gradient":""},"tablet":{"background-color":"var(--ast-global-color-5)","background-image":"","background-repeat":"repeat","background-position":"center center","background-size":"auto","background-attachment":"scroll","background-type":"","background-media":"","overlay-type":"","overlay-color":"","overlay-opacity":"","overlay-gradient":""},"mobile":{"background-color":"var(--ast-global-color-5)","background-image":"","background-repeat":"repeat","background-position":"center center","background-size":"auto","background-attachment":"scroll","background-type":"","background-media":"","overlay-type":"","overlay-color":"","overlay-opacity":"","overlay-gradient":""}},"footnotes":""},"categories":[9,2],"tags":[],"class_list":["post-5557","post","type-post","status-publish","format-standard","hentry","category-i5","category-infantil"],"post_mailing_queue_ids":[],"_links":{"self":[{"href":"https:\/\/agora.xtec.cat\/ceip-jbalmes-cervera\/wp-json\/wp\/v2\/posts\/5557","targetHints":{"allow":["GET"]}}],"collection":[{"href":"https:\/\/agora.xtec.cat\/ceip-jbalmes-cervera\/wp-json\/wp\/v2\/posts"}],"about":[{"href":"https:\/\/agora.xtec.cat\/ceip-jbalmes-cervera\/wp-json\/wp\/v2\/types\/post"}],"author":[{"embeddable":true,"href":"https:\/\/agora.xtec.cat\/ceip-jbalmes-cervera\/wp-json\/wp\/v2\/users\/1"}],"replies":[{"embeddable":true,"href":"https:\/\/agora.xtec.cat\/ceip-jbalmes-cervera\/wp-json\/wp\/v2\/comments?post=5557"}],"version-history":[{"count":1,"href":"https:\/\/agora.xtec.cat\/ceip-jbalmes-cervera\/wp-json\/wp\/v2\/posts\/5557\/revisions"}],"predecessor-version":[{"id":5558,"href":"https:\/\/agora.xtec.cat\/ceip-jbalmes-cervera\/wp-json\/wp\/v2\/posts\/5557\/revisions\/5558"}],"wp:attachment":[{"href":"https:\/\/agora.xtec.cat\/ceip-jbalmes-cervera\/wp-json\/wp\/v2\/media?parent=5557"}],"wp:term":[{"taxonomy":"category","embeddable":true,"href":"https:\/\/agora.xtec.cat\/ceip-jbalmes-cervera\/wp-json\/wp\/v2\/categories?post=5557"},{"taxonomy":"post_tag","embeddable":true,"href":"https:\/\/agora.xtec.cat\/ceip-jbalmes-cervera\/wp-json\/wp\/v2\/tags?post=5557"}],"curies":[{"name":"wp","href":"https:\/\/api.w.org\/{rel}","templated":true}]}}