{"id":5048,"date":"2018-05-05T12:06:29","date_gmt":"2018-05-05T10:06:29","guid":{"rendered":"http:\/\/agora.xtec.cat\/ceip-jbalmes-cervera\/?p=5048"},"modified":"2018-11-05T12:42:40","modified_gmt":"2018-11-05T11:42:40","slug":"comite-ambiental","status":"publish","type":"post","link":"https:\/\/agora.xtec.cat\/ceip-jbalmes-cervera\/general\/comite-ambiental\/","title":{"rendered":"COMIT\u00c9 AMBIENTAL"},"content":{"rendered":"<p>Avui s&#8217;ha reunit el Comit\u00e9 Ambiental i han estat parlant sobre tots els temes oberts que tenim com a Escola Verda, s&#8217;han distribu\u00eft les tasques i s&#8217;han valorat les ja fetes. Els delegats verds durant aquests dies transmetran tota la informaci\u00f3 als seus companys de classe i realitzaran les tasques encomanades. S&#8217;acorda tirar endavant la proposta de PATIS ACTIUS de cara al curs vinent, com una manera de dinamitzar activitats al pati per a tots els nens.<\/p>\n<p><img loading=\"lazy\" decoding=\"async\" class=\"SzDcob\" src=\"https:\/\/lh3.googleusercontent.com\/I-SYC7VXqSYckAINTx6mddu2ac-VWh_MG90-I_uNyxhZkev7NaVgGcF5deGnshI9aVu9U8hnFKAYsfOOs_G-y-os_HiJ1qYtChNlKSeHme1XShMuuosJChAuZpFqobNg6Yx3AWonw2y9VY5J37eCRgdl81bgKpnsJ91BG3GGUEyoA_0onI3hvabuTJfrgntnOvmmMnrjSra4qS7wLgyWAe2rh4cKAULVldlpFelSltM272w3yT5clx4YmvyeKEZhJcx8I29I9RYV7UXw-94cAhQDjxSIqsDBLiWdnz0Vt-n4qnwDFKEBmli-bC6aty-GymnPUkqfGitRnkCqEpTsJmpOBM6Le-j3wl7XqLBmq1hfNRYuzO1K6FQrucsn4pqZYJdllZlcGcuofTER2X2i8h2_hnVFICbNbRiYbWyT5IQGsezzqECoTBEDNsANSjc7AKS0j3Vvwiq_-FFL6vKUQqkff4ASCFzqLNrOCjQQqRC94H5yEJjuoKOmKbN_CBC1mlTOWZDLZ6_YuhW9NWnLDgRcl7JBEtrvP9K7digwE5Cs6OVtc5jv7dPrxr85ul7CqpaG9vSITNh6fQBfv18bVQZfDVJyObN2YylPP9PQAJNMA12tLSnRxvjtRBgsQqmG98mhRK42BCPnSpDx4s5VzFHQjIg6wVWVU9o99AbYPOlPbYs9mqHrp8u-sIf7LYhUneaF7OLonygO0dqSA9M=w987-h740-no\" width=\"787\" height=\"440\" aria-label=\"Foto - Paisatge - 7 de maig 2018, 14:24:33\" \/><\/p>\n","protected":false},"excerpt":{"rendered":"<p>Avui s&#8217;ha reunit el Comit\u00e9 Ambiental i han estat parlant sobre tots els temes oberts que tenim com a Escola Verda, s&#8217;han distribu\u00eft les tasques i s&#8217;han valorat les ja fetes. Els delegats verds durant aquests dies transmetran tota la informaci\u00f3 als seus companys de classe i realitzaran les tasques encomanades. S&#8217;acorda tirar endavant la [&hellip;]<\/p>\n","protected":false},"author":1,"featured_media":0,"comment_status":"open","ping_status":"closed","sticky":false,"template":"","format":"standard","meta":{"_bbp_topic_count":0,"_bbp_reply_count":0,"_bbp_total_topic_count":0,"_bbp_total_reply_count":0,"_bbp_voice_count":0,"_bbp_anonymous_reply_count":0,"_bbp_topic_count_hidden":0,"_bbp_reply_count_hidden":0,"_bbp_forum_subforum_count":0,"site-sidebar-layout":"default","site-content-layout":"","ast-site-content-layout":"","site-content-style":"default","site-sidebar-style":"default","ast-global-header-display":"","ast-banner-title-visibility":"","ast-main-header-display":"","ast-hfb-above-header-display":"","ast-hfb-below-header-display":"","ast-hfb-mobile-header-display":"","site-post-title":"","ast-breadcrumbs-content":"","ast-featured-img":"","footer-sml-layout":"","theme-transparent-header-meta":"","adv-header-id-meta":"","stick-header-meta":"","header-above-stick-meta":"","header-main-stick-meta":"","header-below-stick-meta":"","astra-migrate-meta-layouts":"default","ast-page-background-enabled":"default","ast-page-background-meta":{"desktop":{"background-color":"var(--ast-global-color-4)","background-image":"","background-repeat":"repeat","background-position":"center center","background-size":"auto","background-attachment":"scroll","background-type":"","background-media":"","overlay-type":"","overlay-color":"","overlay-opacity":"","overlay-gradient":""},"tablet":{"background-color":"","background-image":"","background-repeat":"repeat","background-position":"center center","background-size":"auto","background-attachment":"scroll","background-type":"","background-media":"","overlay-type":"","overlay-color":"","overlay-opacity":"","overlay-gradient":""},"mobile":{"background-color":"","background-image":"","background-repeat":"repeat","background-position":"center center","background-size":"auto","background-attachment":"scroll","background-type":"","background-media":"","overlay-type":"","overlay-color":"","overlay-opacity":"","overlay-gradient":""}},"ast-content-background-meta":{"desktop":{"background-color":"var(--ast-global-color-5)","background-image":"","background-repeat":"repeat","background-position":"center center","background-size":"auto","background-attachment":"scroll","background-type":"","background-media":"","overlay-type":"","overlay-color":"","overlay-opacity":"","overlay-gradient":""},"tablet":{"background-color":"var(--ast-global-color-5)","background-image":"","background-repeat":"repeat","background-position":"center center","background-size":"auto","background-attachment":"scroll","background-type":"","background-media":"","overlay-type":"","overlay-color":"","overlay-opacity":"","overlay-gradient":""},"mobile":{"background-color":"var(--ast-global-color-5)","background-image":"","background-repeat":"repeat","background-position":"center center","background-size":"auto","background-attachment":"scroll","background-type":"","background-media":"","overlay-type":"","overlay-color":"","overlay-opacity":"","overlay-gradient":""}},"footnotes":""},"categories":[118,1,4],"tags":[],"class_list":["post-5048","post","type-post","status-publish","format-standard","hentry","category-escola-verda","category-general","category-portada"],"post_mailing_queue_ids":[],"_links":{"self":[{"href":"https:\/\/agora.xtec.cat\/ceip-jbalmes-cervera\/wp-json\/wp\/v2\/posts\/5048","targetHints":{"allow":["GET"]}}],"collection":[{"href":"https:\/\/agora.xtec.cat\/ceip-jbalmes-cervera\/wp-json\/wp\/v2\/posts"}],"about":[{"href":"https:\/\/agora.xtec.cat\/ceip-jbalmes-cervera\/wp-json\/wp\/v2\/types\/post"}],"author":[{"embeddable":true,"href":"https:\/\/agora.xtec.cat\/ceip-jbalmes-cervera\/wp-json\/wp\/v2\/users\/1"}],"replies":[{"embeddable":true,"href":"https:\/\/agora.xtec.cat\/ceip-jbalmes-cervera\/wp-json\/wp\/v2\/comments?post=5048"}],"version-history":[{"count":3,"href":"https:\/\/agora.xtec.cat\/ceip-jbalmes-cervera\/wp-json\/wp\/v2\/posts\/5048\/revisions"}],"predecessor-version":[{"id":5052,"href":"https:\/\/agora.xtec.cat\/ceip-jbalmes-cervera\/wp-json\/wp\/v2\/posts\/5048\/revisions\/5052"}],"wp:attachment":[{"href":"https:\/\/agora.xtec.cat\/ceip-jbalmes-cervera\/wp-json\/wp\/v2\/media?parent=5048"}],"wp:term":[{"taxonomy":"category","embeddable":true,"href":"https:\/\/agora.xtec.cat\/ceip-jbalmes-cervera\/wp-json\/wp\/v2\/categories?post=5048"},{"taxonomy":"post_tag","embeddable":true,"href":"https:\/\/agora.xtec.cat\/ceip-jbalmes-cervera\/wp-json\/wp\/v2\/tags?post=5048"}],"curies":[{"name":"wp","href":"https:\/\/api.w.org\/{rel}","templated":true}]}}