{"id":4920,"date":"2018-09-15T13:05:27","date_gmt":"2018-09-15T11:05:27","guid":{"rendered":"http:\/\/agora.xtec.cat\/ceip-jbalmes-cervera\/?p=4920"},"modified":"2020-04-19T11:46:21","modified_gmt":"2020-04-19T09:46:21","slug":"els-edificis-i-el-seu-servei-2","status":"publish","type":"post","link":"https:\/\/agora.xtec.cat\/ceip-jbalmes-cervera\/primaria\/2n\/els-edificis-i-el-seu-servei-2\/","title":{"rendered":"Els edificis i el seu servei"},"content":{"rendered":"<p>El passat divendres vam fer una sortida amb els alumnes de segon per identificar i con\u00e8ixer els edificis propers a la nostra escola i el servei que fan als nostres ciutadans.<\/p>\n<p>Vam comen\u00e7ar per l\u2019escola, el teatre, l\u2019hotel, correus, la universitat , el consell comarcal, casal dels avis&#8230; fins arribar a l\u2019esgl\u00e9sia de sant Antoni on vam entrar i la vam visitar.<\/p>\n<p>A mesura que an\u00e0vem pels carrers, la srta. Carmen anava explicant la funci\u00f3 que fa cada edifici i contestava les preguntes d\u2019alguns dels nostres alumnes.<\/p>\n<p><a name=\"_GoBack\"><\/a> Dins de l\u2019esgl\u00e9sia ens vam adonar que ja no hi es la figura del Sant Crist, perqu\u00e8 la estan restaurant a Barcelona, per\u00f2 vam tenir la sort de trobar un sr. gran que ens va explicar, com ell amb 16 anys, va comen\u00e7ar a portar la Creu del Sant Crist per les celebracions que es feien a Cervera. Els nens van quedar admirats del pes que fa la Creu, uns 70kgs. i com la podia carregar. Va estar molt enriquidora aquesta trobada.<\/p>\n<p><a href=\"https:\/\/photos.app.goo.gl\/W6p1ME2C4ZvjftBx7\"><img loading=\"lazy\" decoding=\"async\" class=\"aligncenter wp-image-4713\" src=\"https:\/\/agora.xtec.cat\/ceip-jbalmes-cervera\/wp-content\/uploads\/usu479\/2018\/05\/Unknown.jpeg\" alt=\"\" width=\"137\" height=\"92\" \/><\/a><\/p>\n<p>&nbsp;<\/p>\n","protected":false},"excerpt":{"rendered":"<p>El passat divendres vam fer una sortida amb els alumnes de segon per identificar i con\u00e8ixer els edificis propers a la nostra escola i el servei que fan als nostres ciutadans. Vam comen\u00e7ar per l\u2019escola, el teatre, l\u2019hotel, correus, la universitat , el consell comarcal, casal dels avis&#8230; fins arribar a l\u2019esgl\u00e9sia de sant Antoni [&hellip;]<\/p>\n","protected":false},"author":1,"featured_media":0,"comment_status":"open","ping_status":"closed","sticky":false,"template":"","format":"standard","meta":{"_bbp_topic_count":0,"_bbp_reply_count":0,"_bbp_total_topic_count":0,"_bbp_total_reply_count":0,"_bbp_voice_count":0,"_bbp_anonymous_reply_count":0,"_bbp_topic_count_hidden":0,"_bbp_reply_count_hidden":0,"_bbp_forum_subforum_count":0,"site-sidebar-layout":"default","site-content-layout":"","ast-site-content-layout":"","site-content-style":"default","site-sidebar-style":"default","ast-global-header-display":"","ast-banner-title-visibility":"","ast-main-header-display":"","ast-hfb-above-header-display":"","ast-hfb-below-header-display":"","ast-hfb-mobile-header-display":"","site-post-title":"","ast-breadcrumbs-content":"","ast-featured-img":"","footer-sml-layout":"","theme-transparent-header-meta":"","adv-header-id-meta":"","stick-header-meta":"","header-above-stick-meta":"","header-main-stick-meta":"","header-below-stick-meta":"","astra-migrate-meta-layouts":"default","ast-page-background-enabled":"default","ast-page-background-meta":{"desktop":{"background-color":"var(--ast-global-color-4)","background-image":"","background-repeat":"repeat","background-position":"center center","background-size":"auto","background-attachment":"scroll","background-type":"","background-media":"","overlay-type":"","overlay-color":"","overlay-opacity":"","overlay-gradient":""},"tablet":{"background-color":"","background-image":"","background-repeat":"repeat","background-position":"center center","background-size":"auto","background-attachment":"scroll","background-type":"","background-media":"","overlay-type":"","overlay-color":"","overlay-opacity":"","overlay-gradient":""},"mobile":{"background-color":"","background-image":"","background-repeat":"repeat","background-position":"center center","background-size":"auto","background-attachment":"scroll","background-type":"","background-media":"","overlay-type":"","overlay-color":"","overlay-opacity":"","overlay-gradient":""}},"ast-content-background-meta":{"desktop":{"background-color":"var(--ast-global-color-5)","background-image":"","background-repeat":"repeat","background-position":"center center","background-size":"auto","background-attachment":"scroll","background-type":"","background-media":"","overlay-type":"","overlay-color":"","overlay-opacity":"","overlay-gradient":""},"tablet":{"background-color":"var(--ast-global-color-5)","background-image":"","background-repeat":"repeat","background-position":"center center","background-size":"auto","background-attachment":"scroll","background-type":"","background-media":"","overlay-type":"","overlay-color":"","overlay-opacity":"","overlay-gradient":""},"mobile":{"background-color":"var(--ast-global-color-5)","background-image":"","background-repeat":"repeat","background-position":"center center","background-size":"auto","background-attachment":"scroll","background-type":"","background-media":"","overlay-type":"","overlay-color":"","overlay-opacity":"","overlay-gradient":""}},"footnotes":""},"categories":[11,72],"tags":[],"class_list":["post-4920","post","type-post","status-publish","format-standard","hentry","category-2n","category-aula-de-religio"],"post_mailing_queue_ids":[],"_links":{"self":[{"href":"https:\/\/agora.xtec.cat\/ceip-jbalmes-cervera\/wp-json\/wp\/v2\/posts\/4920","targetHints":{"allow":["GET"]}}],"collection":[{"href":"https:\/\/agora.xtec.cat\/ceip-jbalmes-cervera\/wp-json\/wp\/v2\/posts"}],"about":[{"href":"https:\/\/agora.xtec.cat\/ceip-jbalmes-cervera\/wp-json\/wp\/v2\/types\/post"}],"author":[{"embeddable":true,"href":"https:\/\/agora.xtec.cat\/ceip-jbalmes-cervera\/wp-json\/wp\/v2\/users\/1"}],"replies":[{"embeddable":true,"href":"https:\/\/agora.xtec.cat\/ceip-jbalmes-cervera\/wp-json\/wp\/v2\/comments?post=4920"}],"version-history":[{"count":1,"href":"https:\/\/agora.xtec.cat\/ceip-jbalmes-cervera\/wp-json\/wp\/v2\/posts\/4920\/revisions"}],"predecessor-version":[{"id":4922,"href":"https:\/\/agora.xtec.cat\/ceip-jbalmes-cervera\/wp-json\/wp\/v2\/posts\/4920\/revisions\/4922"}],"wp:attachment":[{"href":"https:\/\/agora.xtec.cat\/ceip-jbalmes-cervera\/wp-json\/wp\/v2\/media?parent=4920"}],"wp:term":[{"taxonomy":"category","embeddable":true,"href":"https:\/\/agora.xtec.cat\/ceip-jbalmes-cervera\/wp-json\/wp\/v2\/categories?post=4920"},{"taxonomy":"post_tag","embeddable":true,"href":"https:\/\/agora.xtec.cat\/ceip-jbalmes-cervera\/wp-json\/wp\/v2\/tags?post=4920"}],"curies":[{"name":"wp","href":"https:\/\/api.w.org\/{rel}","templated":true}]}}