{"id":4847,"date":"2018-09-18T13:05:06","date_gmt":"2018-09-18T11:05:06","guid":{"rendered":"http:\/\/agora.xtec.cat\/ceip-jbalmes-cervera\/?p=4847"},"modified":"2018-09-18T13:05:42","modified_gmt":"2018-09-18T11:05:42","slug":"dia-sense-cotxes","status":"publish","type":"post","link":"https:\/\/agora.xtec.cat\/ceip-jbalmes-cervera\/portada\/dia-sense-cotxes\/","title":{"rendered":"Dia sense cotxes"},"content":{"rendered":"<div><\/div>\n<div><img loading=\"lazy\" decoding=\"async\" class=\"aligncenter wp-image-4848\" src=\"http:\/\/agora.xtec.cat\/ceip-jbalmes-cervera\/wp-content\/uploads\/usu479\/2018\/09\/Cartell-dia-sense-cotxes2-212x300.jpg\" alt=\"\" width=\"232\" height=\"328\" srcset=\"https:\/\/agora.xtec.cat\/ceip-jbalmes-cervera\/wp-content\/uploads\/usu479\/2018\/09\/Cartell-dia-sense-cotxes2-212x300.jpg 212w, https:\/\/agora.xtec.cat\/ceip-jbalmes-cervera\/wp-content\/uploads\/usu479\/2018\/09\/Cartell-dia-sense-cotxes2-768x1086.jpg 768w, https:\/\/agora.xtec.cat\/ceip-jbalmes-cervera\/wp-content\/uploads\/usu479\/2018\/09\/Cartell-dia-sense-cotxes2-724x1024.jpg 724w, https:\/\/agora.xtec.cat\/ceip-jbalmes-cervera\/wp-content\/uploads\/usu479\/2018\/09\/Cartell-dia-sense-cotxes2.jpg 1754w\" sizes=\"auto, (max-width: 232px) 100vw, 232px\" \/><\/div>\n<div><\/div>\n<div><\/div>\n<div><\/div>\n<div>Del\u00a0<b>16 al 22 de setembre<\/b>\u00a0Catalunya celebra la Setmana Europea de la Mobilitat, per aix\u00f2 molts municipis i entitats organitzem activitats sota el lema\u00a0<b>Combina i mou-te!<\/b>. A Cervera els hem emmarcat dins la Setmana cultural Isagoge, que enguany est\u00e0 dedicada al paisatge i a la mobilitat.<\/div>\n<div><\/div>\n<div>Us fem arribar el cartell del<b> DIA SENSE COTXE A L&#8217;ESCOLA!<\/b><\/div>\n<div><b>\u00a0<\/b><\/div>\n<div><b>Hi haur\u00e0 dinamitzaci\u00f3 amb l&#8217;espectacle De l&#8217;Arte d&#8217;Alea Teatre a les escoles de prim\u00e0ria:<\/b><\/div>\n<div>De 8.45h a 9h a l&#8217;Escola Jaume Balmes<\/div>\n<div>De 12.25h a 12.40h a l&#8217;Escola Les Savines<\/div>\n<div>De 16.25h a 16.40h a l&#8217;Escola Mn. Josep Arques<\/div>\n<div><b>\u00a0\u00a0<\/b><\/div>\n<div><\/div>\n<div><b><span style=\"color: #6aa84f;\">Perqu\u00e8 entre tots i totes fem una ciutat m\u00e9s neta i m\u00e9s segura!!<\/span><\/b><\/div>\n<div><\/div>\n<div><\/div>\n","protected":false},"excerpt":{"rendered":"<p>Del\u00a016 al 22 de setembre\u00a0Catalunya celebra la Setmana Europea de la Mobilitat, per aix\u00f2 molts municipis i entitats organitzem activitats sota el lema\u00a0Combina i mou-te!. A Cervera els hem emmarcat dins la Setmana cultural Isagoge, que enguany est\u00e0 dedicada al paisatge i a la mobilitat. Us fem arribar el cartell del DIA SENSE COTXE A [&hellip;]<\/p>\n","protected":false},"author":1,"featured_media":0,"comment_status":"open","ping_status":"closed","sticky":false,"template":"","format":"standard","meta":{"_bbp_topic_count":0,"_bbp_reply_count":0,"_bbp_total_topic_count":0,"_bbp_total_reply_count":0,"_bbp_voice_count":0,"_bbp_anonymous_reply_count":0,"_bbp_topic_count_hidden":0,"_bbp_reply_count_hidden":0,"_bbp_forum_subforum_count":0,"site-sidebar-layout":"default","site-content-layout":"","ast-site-content-layout":"","site-content-style":"default","site-sidebar-style":"default","ast-global-header-display":"","ast-banner-title-visibility":"","ast-main-header-display":"","ast-hfb-above-header-display":"","ast-hfb-below-header-display":"","ast-hfb-mobile-header-display":"","site-post-title":"","ast-breadcrumbs-content":"","ast-featured-img":"","footer-sml-layout":"","theme-transparent-header-meta":"","adv-header-id-meta":"","stick-header-meta":"","header-above-stick-meta":"","header-main-stick-meta":"","header-below-stick-meta":"","astra-migrate-meta-layouts":"default","ast-page-background-enabled":"default","ast-page-background-meta":{"desktop":{"background-color":"var(--ast-global-color-4)","background-image":"","background-repeat":"repeat","background-position":"center center","background-size":"auto","background-attachment":"scroll","background-type":"","background-media":"","overlay-type":"","overlay-color":"","overlay-opacity":"","overlay-gradient":""},"tablet":{"background-color":"","background-image":"","background-repeat":"repeat","background-position":"center center","background-size":"auto","background-attachment":"scroll","background-type":"","background-media":"","overlay-type":"","overlay-color":"","overlay-opacity":"","overlay-gradient":""},"mobile":{"background-color":"","background-image":"","background-repeat":"repeat","background-position":"center center","background-size":"auto","background-attachment":"scroll","background-type":"","background-media":"","overlay-type":"","overlay-color":"","overlay-opacity":"","overlay-gradient":""}},"ast-content-background-meta":{"desktop":{"background-color":"var(--ast-global-color-5)","background-image":"","background-repeat":"repeat","background-position":"center center","background-size":"auto","background-attachment":"scroll","background-type":"","background-media":"","overlay-type":"","overlay-color":"","overlay-opacity":"","overlay-gradient":""},"tablet":{"background-color":"var(--ast-global-color-5)","background-image":"","background-repeat":"repeat","background-position":"center center","background-size":"auto","background-attachment":"scroll","background-type":"","background-media":"","overlay-type":"","overlay-color":"","overlay-opacity":"","overlay-gradient":""},"mobile":{"background-color":"var(--ast-global-color-5)","background-image":"","background-repeat":"repeat","background-position":"center center","background-size":"auto","background-attachment":"scroll","background-type":"","background-media":"","overlay-type":"","overlay-color":"","overlay-opacity":"","overlay-gradient":""}},"footnotes":""},"categories":[4],"tags":[],"class_list":["post-4847","post","type-post","status-publish","format-standard","hentry","category-portada"],"post_mailing_queue_ids":[],"_links":{"self":[{"href":"https:\/\/agora.xtec.cat\/ceip-jbalmes-cervera\/wp-json\/wp\/v2\/posts\/4847","targetHints":{"allow":["GET"]}}],"collection":[{"href":"https:\/\/agora.xtec.cat\/ceip-jbalmes-cervera\/wp-json\/wp\/v2\/posts"}],"about":[{"href":"https:\/\/agora.xtec.cat\/ceip-jbalmes-cervera\/wp-json\/wp\/v2\/types\/post"}],"author":[{"embeddable":true,"href":"https:\/\/agora.xtec.cat\/ceip-jbalmes-cervera\/wp-json\/wp\/v2\/users\/1"}],"replies":[{"embeddable":true,"href":"https:\/\/agora.xtec.cat\/ceip-jbalmes-cervera\/wp-json\/wp\/v2\/comments?post=4847"}],"version-history":[{"count":1,"href":"https:\/\/agora.xtec.cat\/ceip-jbalmes-cervera\/wp-json\/wp\/v2\/posts\/4847\/revisions"}],"predecessor-version":[{"id":4849,"href":"https:\/\/agora.xtec.cat\/ceip-jbalmes-cervera\/wp-json\/wp\/v2\/posts\/4847\/revisions\/4849"}],"wp:attachment":[{"href":"https:\/\/agora.xtec.cat\/ceip-jbalmes-cervera\/wp-json\/wp\/v2\/media?parent=4847"}],"wp:term":[{"taxonomy":"category","embeddable":true,"href":"https:\/\/agora.xtec.cat\/ceip-jbalmes-cervera\/wp-json\/wp\/v2\/categories?post=4847"},{"taxonomy":"post_tag","embeddable":true,"href":"https:\/\/agora.xtec.cat\/ceip-jbalmes-cervera\/wp-json\/wp\/v2\/tags?post=4847"}],"curies":[{"name":"wp","href":"https:\/\/api.w.org\/{rel}","templated":true}]}}