{"id":4711,"date":"2018-05-11T11:14:17","date_gmt":"2018-05-11T09:14:17","guid":{"rendered":"http:\/\/agora.xtec.cat\/ceip-jbalmes-cervera\/?p=4711"},"modified":"2019-04-05T12:48:47","modified_gmt":"2019-04-05T10:48:47","slug":"lovelleta-perduda","status":"publish","type":"post","link":"https:\/\/agora.xtec.cat\/ceip-jbalmes-cervera\/general\/lovelleta-perduda\/","title":{"rendered":"L&#8217;OVELLETA PERDUDA"},"content":{"rendered":"<p>Amb els nens de primer hem treballat les par\u00e0boles m\u00e9s conegudes, com s\u00f3n: \u201c la petita llavor\u201d, \u201cl\u2019ovella perduda\u201d<span class=\"Apple-converted-space\">\u00a0 <\/span>i el \u201cbon samarit\u00e0\u201d.<\/p>\n<p>Hem vist un petit musical de la par\u00e0bola de l\u2019ovella perduda ,que els ha agradat molt .<\/p>\n<p>Aqu\u00ed us la deixem per si la voleu veure .<\/p>\n<p><a href=\"https:\/\/youtu.be\/XjE4CIvGW-E\" target=\"_blank\" rel=\"noopener noreferrer\"><img loading=\"lazy\" decoding=\"async\" class=\"aligncenter wp-image-4627 size-medium\" src=\"http:\/\/agora.xtec.cat\/ceip-jbalmes-cervera\/wp-content\/uploads\/usu479\/2018\/04\/vp-video-editing-300x169.jpg\" alt=\"\" width=\"300\" height=\"169\" srcset=\"https:\/\/agora.xtec.cat\/ceip-jbalmes-cervera\/wp-content\/uploads\/usu479\/2018\/04\/vp-video-editing-300x169.jpg 300w, https:\/\/agora.xtec.cat\/ceip-jbalmes-cervera\/wp-content\/uploads\/usu479\/2018\/04\/vp-video-editing-768x432.jpg 768w, https:\/\/agora.xtec.cat\/ceip-jbalmes-cervera\/wp-content\/uploads\/usu479\/2018\/04\/vp-video-editing-1024x576.jpg 1024w, https:\/\/agora.xtec.cat\/ceip-jbalmes-cervera\/wp-content\/uploads\/usu479\/2018\/04\/vp-video-editing.jpg 1280w\" sizes=\"auto, (max-width: 300px) 100vw, 300px\" \/><\/a><\/p>\n<p><a href=\"https:\/\/photos.app.goo.gl\/godUNNucLw1WHLi83\" target=\"_blank\" rel=\"noopener noreferrer\"><img loading=\"lazy\" decoding=\"async\" class=\"aligncenter wp-image-4713 \" src=\"http:\/\/agora.xtec.cat\/ceip-jbalmes-cervera\/wp-content\/uploads\/usu479\/2018\/05\/Unknown.jpeg\" alt=\"\" width=\"179\" height=\"120\" \/><\/a><\/p>\n","protected":false},"excerpt":{"rendered":"<p>Amb els nens de primer hem treballat les par\u00e0boles m\u00e9s conegudes, com s\u00f3n: \u201c la petita llavor\u201d, \u201cl\u2019ovella perduda\u201d\u00a0 i el \u201cbon samarit\u00e0\u201d. Hem vist un petit musical de la par\u00e0bola de l\u2019ovella perduda ,que els ha agradat molt . Aqu\u00ed us la deixem per si la voleu veure .<\/p>\n","protected":false},"author":1,"featured_media":0,"comment_status":"open","ping_status":"closed","sticky":false,"template":"","format":"standard","meta":{"_bbp_topic_count":0,"_bbp_reply_count":0,"_bbp_total_topic_count":0,"_bbp_total_reply_count":0,"_bbp_voice_count":0,"_bbp_anonymous_reply_count":0,"_bbp_topic_count_hidden":0,"_bbp_reply_count_hidden":0,"_bbp_forum_subforum_count":0,"site-sidebar-layout":"default","site-content-layout":"","ast-site-content-layout":"","site-content-style":"default","site-sidebar-style":"default","ast-global-header-display":"","ast-banner-title-visibility":"","ast-main-header-display":"","ast-hfb-above-header-display":"","ast-hfb-below-header-display":"","ast-hfb-mobile-header-display":"","site-post-title":"","ast-breadcrumbs-content":"","ast-featured-img":"","footer-sml-layout":"","theme-transparent-header-meta":"","adv-header-id-meta":"","stick-header-meta":"","header-above-stick-meta":"","header-main-stick-meta":"","header-below-stick-meta":"","astra-migrate-meta-layouts":"default","ast-page-background-enabled":"default","ast-page-background-meta":{"desktop":{"background-color":"var(--ast-global-color-4)","background-image":"","background-repeat":"repeat","background-position":"center center","background-size":"auto","background-attachment":"scroll","background-type":"","background-media":"","overlay-type":"","overlay-color":"","overlay-opacity":"","overlay-gradient":""},"tablet":{"background-color":"","background-image":"","background-repeat":"repeat","background-position":"center center","background-size":"auto","background-attachment":"scroll","background-type":"","background-media":"","overlay-type":"","overlay-color":"","overlay-opacity":"","overlay-gradient":""},"mobile":{"background-color":"","background-image":"","background-repeat":"repeat","background-position":"center center","background-size":"auto","background-attachment":"scroll","background-type":"","background-media":"","overlay-type":"","overlay-color":"","overlay-opacity":"","overlay-gradient":""}},"ast-content-background-meta":{"desktop":{"background-color":"var(--ast-global-color-5)","background-image":"","background-repeat":"repeat","background-position":"center center","background-size":"auto","background-attachment":"scroll","background-type":"","background-media":"","overlay-type":"","overlay-color":"","overlay-opacity":"","overlay-gradient":""},"tablet":{"background-color":"var(--ast-global-color-5)","background-image":"","background-repeat":"repeat","background-position":"center center","background-size":"auto","background-attachment":"scroll","background-type":"","background-media":"","overlay-type":"","overlay-color":"","overlay-opacity":"","overlay-gradient":""},"mobile":{"background-color":"var(--ast-global-color-5)","background-image":"","background-repeat":"repeat","background-position":"center center","background-size":"auto","background-attachment":"scroll","background-type":"","background-media":"","overlay-type":"","overlay-color":"","overlay-opacity":"","overlay-gradient":""}},"footnotes":""},"categories":[10,1,72],"tags":[],"class_list":["post-4711","post","type-post","status-publish","format-standard","hentry","category-1r","category-general","category-aula-de-religio"],"post_mailing_queue_ids":[],"_links":{"self":[{"href":"https:\/\/agora.xtec.cat\/ceip-jbalmes-cervera\/wp-json\/wp\/v2\/posts\/4711","targetHints":{"allow":["GET"]}}],"collection":[{"href":"https:\/\/agora.xtec.cat\/ceip-jbalmes-cervera\/wp-json\/wp\/v2\/posts"}],"about":[{"href":"https:\/\/agora.xtec.cat\/ceip-jbalmes-cervera\/wp-json\/wp\/v2\/types\/post"}],"author":[{"embeddable":true,"href":"https:\/\/agora.xtec.cat\/ceip-jbalmes-cervera\/wp-json\/wp\/v2\/users\/1"}],"replies":[{"embeddable":true,"href":"https:\/\/agora.xtec.cat\/ceip-jbalmes-cervera\/wp-json\/wp\/v2\/comments?post=4711"}],"version-history":[{"count":3,"href":"https:\/\/agora.xtec.cat\/ceip-jbalmes-cervera\/wp-json\/wp\/v2\/posts\/4711\/revisions"}],"predecessor-version":[{"id":4719,"href":"https:\/\/agora.xtec.cat\/ceip-jbalmes-cervera\/wp-json\/wp\/v2\/posts\/4711\/revisions\/4719"}],"wp:attachment":[{"href":"https:\/\/agora.xtec.cat\/ceip-jbalmes-cervera\/wp-json\/wp\/v2\/media?parent=4711"}],"wp:term":[{"taxonomy":"category","embeddable":true,"href":"https:\/\/agora.xtec.cat\/ceip-jbalmes-cervera\/wp-json\/wp\/v2\/categories?post=4711"},{"taxonomy":"post_tag","embeddable":true,"href":"https:\/\/agora.xtec.cat\/ceip-jbalmes-cervera\/wp-json\/wp\/v2\/tags?post=4711"}],"curies":[{"name":"wp","href":"https:\/\/api.w.org\/{rel}","templated":true}]}}